{"id":117909,"date":"2013-12-14T10:42:19","date_gmt":"2013-12-14T10:42:19","guid":{"rendered":"http:\/\/www.fuldaer-nachrichten.de\/?p=117909"},"modified":"2013-12-14T10:42:19","modified_gmt":"2013-12-14T10:42:19","slug":"mitgliederversammlung-nahm-jahresbericht-entgegen-und-beschloss-satzungsaenderung","status":"publish","type":"post","link":"https:\/\/www.fuldaernachrichten.de\/?p=117909","title":{"rendered":"Mitgliederversammlung nahm Jahresbericht entgegen und beschloss Satzungs\u00e4nderung"},"content":{"rendered":"<p>Fulda. Der Jahresbericht 2012 und eine Satzungs\u00e4nderung waren die Hauptpunkte der Mitgliederversammlung des Caritasverbandes f\u00fcr die Regionen Fulda und Geisa e.V. in der Caritas &#8211; Altentagesst\u00e4tte Am Hexenturm in Fulda. In seinen Rechenschaftsbericht hob Vorstandsvorsitzender Dechant Dr. Dagobert Vonderau, Neuhof, die Schwerpunkte an\u00c2\u00a0 sozialen, beraterischen, unterst\u00fctzenden und pflegerischen Hilfen hervor. Die 180 hauptamtlichen und ca. 80 ehrenamtlichen Mitarbeiterinnen und Mitarbeiter leisteten einen wichtigen Dienst im sozialen Netzwerk in Stadt und Landkreis Fulda und im th\u00fcringischen Teil der Di\u00f6zese Fulda, dem ehemaligen Dekanat Geisa. <!--more--><\/p>\n<p>Die soziale und pflegerische Arbeit sei Dienst der Kirche nicht nur an den notleitenden Menschen. So sei beispielsweise die Zahl der Beratungen in der Au\u00dfenstelle H\u00fcnfeld um 25 Prozent auf 838 gestiegen und die im M\u00e4rz 2012 neu er\u00f6ffnete Beratungsstelle in Dernbach verzeichne eine rege Nachfrage. Die Beratungst\u00e4tigkeit der zwei Energie \u2013 Spar \u2013 Checker, einem Arbeitsfeld, das vom Landkreis Fulda gef\u00f6rdert wird, habe dazu gef\u00fchrt, dass in den 222 beratenen Haushalten durch energiebewusstes Handeln Einsparungen in H\u00f6he von 167 Euro pro Haushalt j\u00e4hrlich m\u00f6glich wurden und in der Schuldnerberatung h\u00e4tten f\u00fcr 50 \u00fcberschuldete Menschen au\u00dfergerichtliche Einigungen erzielt werden k\u00f6nnen.<\/p>\n<p>Besonders beeindruckend war die Zahl von 827.054 gefahrenen Kilometer der Fahrzeuge der f\u00fcnf Caritas \u2013 Sozialstationen, zeige sie doch\u00c2\u00a0 dass die Caritas \u2013 Pflegedienst bis in die \u00e4u\u00dfersten Winkel in Rh\u00f6n, Vogelsberg und Geisaer Amt fahren w\u00fcrden, so der Vorsitzende. Die Caritas \u2013 Sozialstationen wurden bei der j\u00e4hrlichen Pr\u00fcfung durch den Medizinischen Dienst der Krankenkassen (MDK) durchweg mit \u201esehr gut\u201c beurteilt. Nach der Pr\u00e4sentation des Jahresergebnisses, das einen finanziell soliden Verband widerspiegelt, und dem die Wirtschaftspr\u00fcfungsgesellschaft Dr. Muth und Partner und die Finanzabteilung des Bisch\u00f6flichen Generalvikariates eine schl\u00fcssige und ordentliche Buchf\u00fchrung testiert hatten, wurde der Vorstand einstimmig von der Mitgliederversammlung entlastet.<\/p>\n<p>Durch die Verschmelzung der ehemaligen eigenst\u00e4ndigen Verb\u00e4nde in der Region Fulda und dem Dekanat Geisa, war es notwendig geworden, den Passus \u00fcber die Mitgliedschaft neu zu fassen. Die Konkretisierung wurde einstimmig verabschiedet. Pfarrer Dr. Dagobert Vonderau dankte auch im Namen der Gesch\u00e4ftsf\u00fchrung\u00c2\u00a0 allen Geldgebern in Stadt und Landkreis Fulda, dem Wartburgkreis, dem Landeswohlfahrtsverband und dem Land Hessen, dem Bistum Fulda, den Pfarreien f\u00fcr ihren Solidarbeitrag und den zahlreichen gro\u00dfen und kleinen Spendern f\u00fcr die finanzielle Unterst\u00fctzung, ohne die die Arbeit nicht m\u00f6glich w\u00e4re.<\/p>\n<p>Sein Dank galt besonders auch den Ehrenamtlichen und den Mitarbeiterinnen und Mitarbeitern, die ihre Arbeit als \u201echristlichen N\u00e4chstendienst\u201c verst\u00fcnden. Gesch\u00e4ftsf\u00fchrer Christian Reuter stellte zum Abschluss die geplanten Ma\u00dfnahmen f\u00fcr das Jahr 2014 vor. So soll der Aufsuchende Soziale Dienst \u00fcber den F\u00f6rderzeitraum der Aktion Mensch hinaus weitergef\u00fchrt werden. Ebenso die Betreuung der obdachlosen Menschen in der Agnes \u2013 Huenninger und Herbsteiner Stra\u00dfe, die im Auftrag der Stadt Fulda durchgef\u00fchrt wird. Investitionen sind im Bereich der barrierefreien Zugangsgestaltung zu den Beratungsstellen und der Fassadenrenovierung von Haus Jakobsbrunnen geplant.<\/p>\n<p>Der Jahresbericht des Verbandes steht allen Interessierten im Downloadcenter unter <a href=\"http:\/\/www.rcvfulda.caritas.de\">www.rcvfulda.caritas.de<\/a> zur Verf\u00fcgung.<\/p>\n","protected":false},"excerpt":{"rendered":"<div class=\"tmnf_excerpt\"><p>Fulda. Der Jahresbericht 2012 und eine Satzungs\u00e4nderung waren die Hauptpunkte der Mitgliederversammlung des Caritasverbandes f\u00fcr die Regionen Fulda und Geisa e.V. in der Caritas &#8211; Altentagesst\u00e4tte Am Hexenturm in Fulda. In seinen Rechenschaftsbericht hob Vorstandsvorsitzender Dechant Dr. Dagobert Vonderau, Neuhof, die Schwerpunkte an\u00c2\u00a0 sozialen, beraterischen, unterst\u00fctzenden und pflegerischen Hilfen hervor. Die 180 hauptamtlichen und ca. &hellip;<\/p>\n<\/div>","protected":false},"author":1,"featured_media":0,"comment_status":"closed","ping_status":"closed","sticky":false,"template":"","format":"standard","meta":{"footnotes":""},"categories":[1,50],"tags":[],"class_list":["post-117909","post","type-post","status-publish","format-standard","hentry","category-startseite","category-kirche"],"_links":{"self":[{"href":"https:\/\/www.fuldaernachrichten.de\/index.php?rest_route=\/wp\/v2\/posts\/117909","targetHints":{"allow":["GET"]}}],"collection":[{"href":"https:\/\/www.fuldaernachrichten.de\/index.php?rest_route=\/wp\/v2\/posts"}],"about":[{"href":"https:\/\/www.fuldaernachrichten.de\/index.php?rest_route=\/wp\/v2\/types\/post"}],"author":[{"embeddable":true,"href":"https:\/\/www.fuldaernachrichten.de\/index.php?rest_route=\/wp\/v2\/users\/1"}],"replies":[{"embeddable":true,"href":"https:\/\/www.fuldaernachrichten.de\/index.php?rest_route=%2Fwp%2Fv2%2Fcomments&post=117909"}],"version-history":[{"count":1,"href":"https:\/\/www.fuldaernachrichten.de\/index.php?rest_route=\/wp\/v2\/posts\/117909\/revisions"}],"predecessor-version":[{"id":117910,"href":"https:\/\/www.fuldaernachrichten.de\/index.php?rest_route=\/wp\/v2\/posts\/117909\/revisions\/117910"}],"wp:attachment":[{"href":"https:\/\/www.fuldaernachrichten.de\/index.php?rest_route=%2Fwp%2Fv2%2Fmedia&parent=117909"}],"wp:term":[{"taxonomy":"category","embeddable":true,"href":"https:\/\/www.fuldaernachrichten.de\/index.php?rest_route=%2Fwp%2Fv2%2Fcategories&post=117909"},{"taxonomy":"post_tag","embeddable":true,"href":"https:\/\/www.fuldaernachrichten.de\/index.php?rest_route=%2Fwp%2Fv2%2Ftags&post=117909"}],"curies":[{"name":"wp","href":"https:\/\/api.w.org\/{rel}","templated":true}]}}