{"id":117904,"date":"2013-12-14T10:35:29","date_gmt":"2013-12-14T10:35:29","guid":{"rendered":"http:\/\/www.fuldaer-nachrichten.de\/?p=117904"},"modified":"2013-12-14T10:35:29","modified_gmt":"2013-12-14T10:35:29","slug":"adventskonzert-der-wigbertschule","status":"publish","type":"post","link":"https:\/\/www.fuldaernachrichten.de\/?p=117904","title":{"rendered":"Adventskonzert der Wigbertschule"},"content":{"rendered":"<p>H\u00fcnfeld. Am Donnerstag, 19. Dezember 2013, l\u00e4dt die Wigbertschule um 19:30 Uhr zu ihrem traditionellen Adventskonzert in die H\u00fcnfelder Klosterkirche ein: Ensembles und Solisten des H\u00fcnfelder Gymnasiums stimmen mit festlicher Musik auf das bevorstehende Weihnachtsfest ein. So sorgen das Blasorchester der Wigbertschule \u201eBl-O-W\u201c, der Schulchor \u201eVoice Garden\u201c und das \u201eH\u00fcnfelder Kammerorchester an der Wigbertschule\u201c mit seinen jungen Streichern f\u00fcr einen abwechslungsreichen Streifzug durch die adventliche und weihnachtliche Musikliteratur: Holz- und Blechbl\u00e4ser, Streicher, Pianisten, Organisten und S\u00e4nger pr\u00e4sentieren alte und neue Lieder, fetzige Rhythmen und ruhige Weisen. Die Kompositions-AG der Wigbertschule stellt mit \u201eSternennacht\u201c eine Neukomposition vor.<!--more--><\/p>\n<p>Das Konzert beginnt um 19.30 Uhr. Der Eintritt ist frei. Eine Kollekte am Ausgang dient der p\u00e4dagogischen Arbeit an der Schule. \u00dcber zahlreiche Besucher w\u00fcrden sich alle Beteiligten sehr freuen.<\/p>\n","protected":false},"excerpt":{"rendered":"<div class=\"tmnf_excerpt\"><p>H\u00fcnfeld. Am Donnerstag, 19. Dezember 2013, l\u00e4dt die Wigbertschule um 19:30 Uhr zu ihrem traditionellen Adventskonzert in die H\u00fcnfelder Klosterkirche ein: Ensembles und Solisten des H\u00fcnfelder Gymnasiums stimmen mit festlicher Musik auf das bevorstehende Weihnachtsfest ein. So sorgen das Blasorchester der Wigbertschule \u201eBl-O-W\u201c, der Schulchor \u201eVoice Garden\u201c und das \u201eH\u00fcnfelder Kammerorchester an der Wigbertschule\u201c mit &hellip;<\/p>\n<\/div>","protected":false},"author":1,"featured_media":0,"comment_status":"closed","ping_status":"closed","sticky":false,"template":"","format":"standard","meta":{"footnotes":""},"categories":[1,44],"tags":[],"class_list":["post-117904","post","type-post","status-publish","format-standard","hentry","category-startseite","category-kultur"],"_links":{"self":[{"href":"https:\/\/www.fuldaernachrichten.de\/index.php?rest_route=\/wp\/v2\/posts\/117904","targetHints":{"allow":["GET"]}}],"collection":[{"href":"https:\/\/www.fuldaernachrichten.de\/index.php?rest_route=\/wp\/v2\/posts"}],"about":[{"href":"https:\/\/www.fuldaernachrichten.de\/index.php?rest_route=\/wp\/v2\/types\/post"}],"author":[{"embeddable":true,"href":"https:\/\/www.fuldaernachrichten.de\/index.php?rest_route=\/wp\/v2\/users\/1"}],"replies":[{"embeddable":true,"href":"https:\/\/www.fuldaernachrichten.de\/index.php?rest_route=%2Fwp%2Fv2%2Fcomments&post=117904"}],"version-history":[{"count":1,"href":"https:\/\/www.fuldaernachrichten.de\/index.php?rest_route=\/wp\/v2\/posts\/117904\/revisions"}],"predecessor-version":[{"id":117905,"href":"https:\/\/www.fuldaernachrichten.de\/index.php?rest_route=\/wp\/v2\/posts\/117904\/revisions\/117905"}],"wp:attachment":[{"href":"https:\/\/www.fuldaernachrichten.de\/index.php?rest_route=%2Fwp%2Fv2%2Fmedia&parent=117904"}],"wp:term":[{"taxonomy":"category","embeddable":true,"href":"https:\/\/www.fuldaernachrichten.de\/index.php?rest_route=%2Fwp%2Fv2%2Fcategories&post=117904"},{"taxonomy":"post_tag","embeddable":true,"href":"https:\/\/www.fuldaernachrichten.de\/index.php?rest_route=%2Fwp%2Fv2%2Ftags&post=117904"}],"curies":[{"name":"wp","href":"https:\/\/api.w.org\/{rel}","templated":true}]}}