{"id":117887,"date":"2013-12-13T00:11:08","date_gmt":"2013-12-13T00:11:08","guid":{"rendered":"http:\/\/www.fuldaer-nachrichten.de\/?p=117887"},"modified":"2013-12-12T15:04:03","modified_gmt":"2013-12-12T15:04:03","slug":"pfarrstellenwechsel-in-der-rhoen","status":"publish","type":"post","link":"https:\/\/www.fuldaernachrichten.de\/?p=117887","title":{"rendered":"Pfarrstellenwechsel in der Rh\u00f6n"},"content":{"rendered":"<p>Rh\u00f6n. Zwei Pfarrstellen in der Rh\u00f6n, in Tann und in Hettenhausen, werden in 2014 zun\u00e4chst vakant sein. Pfarrer Frank-Nico Jaeger (li.) verl\u00e4sst zum 1. Januar 2014 seine Stelle in Tann. Er hat sich erfolgreich auf eine Pfarrstelle in der Stadtkirche in Bad Hersfeld beworben. Am Sonntag, 29.12.2013, wird er im Gottesdienst von Dekan Bengt Seeberg verabschiedet. W\u00e4hrend der Vakanzzeit wird die Fuldaer Pfarrerin Heike Dietrich den Tanner Kollegen Pfarrer Kai Kleina unterst\u00fctzen, bis die Stelle neu besetzt wird.<!--more--><\/p>\n<p><a href=\"http:\/\/www.fuldaer-nachrichten.de\/wp-content\/uploads\/2013\/12\/Jaeger.jpg\"><img fetchpriority=\"high\" decoding=\"async\" class=\"alignleft size-thumbnail wp-image-117889\" alt=\"Jaeger\" src=\"http:\/\/www.fuldaer-nachrichten.de\/wp-content\/uploads\/2013\/12\/Jaeger-265x397.jpg\" width=\"265\" height=\"397\" srcset=\"https:\/\/www.fuldaernachrichten.de\/wp-content\/uploads\/2013\/12\/Jaeger-265x397.jpg 265w, https:\/\/www.fuldaernachrichten.de\/wp-content\/uploads\/2013\/12\/Jaeger-176x265.jpg 176w, https:\/\/www.fuldaernachrichten.de\/wp-content\/uploads\/2013\/12\/Jaeger-400x600.jpg 400w, https:\/\/www.fuldaernachrichten.de\/wp-content\/uploads\/2013\/12\/Jaeger.jpg 600w\" sizes=\"(max-width: 265px) 100vw, 265px\" \/><\/a> <a href=\"http:\/\/www.fuldaer-nachrichten.de\/wp-content\/uploads\/2013\/12\/Dersch_1.jpg\"><img decoding=\"async\" class=\"alignnone size-thumbnail wp-image-117888\" alt=\"Dersch_1\" src=\"http:\/\/www.fuldaer-nachrichten.de\/wp-content\/uploads\/2013\/12\/Dersch_1-265x397.jpg\" width=\"265\" height=\"397\" srcset=\"https:\/\/www.fuldaernachrichten.de\/wp-content\/uploads\/2013\/12\/Dersch_1-265x397.jpg 265w, https:\/\/www.fuldaernachrichten.de\/wp-content\/uploads\/2013\/12\/Dersch_1-176x265.jpg 176w, https:\/\/www.fuldaernachrichten.de\/wp-content\/uploads\/2013\/12\/Dersch_1-400x600.jpg 400w, https:\/\/www.fuldaernachrichten.de\/wp-content\/uploads\/2013\/12\/Dersch_1.jpg 600w\" sizes=\"(max-width: 265px) 100vw, 265px\" \/><\/a><\/p>\n<p>In Hettenhausen kommt es zum 1. Februar 2014 zu einer Ver\u00e4nderung. Pfarrer Dieter Dersch (re.) wird dann im Landeskirchenamt in Kassel eine neue Stelle antreten. Nach acht Jahren Rh\u00f6n gehe er aufgrund der gewachsenen Verbindungen auch mit einem weinenden Auge.\u00c2\u00a0 Er verlasse seine erste Gemeindestelle, die auch immer so etwas wie \u201edie erste Liebe\u201c sei, berichtet der Pressebeauftragte des Kirchenkreises Fulda, Pfarrer Stefan B\u00fcrger.<\/p>\n<p>Dersch freut sich aber auch auf die neue Herausforderung im Landeskirchenamt in Kassel als Beauftragter f\u00fcr Gro\u00df- und Sonderveranstaltungen der Landeskirche. Hier ist er u.a. verantwortlich f\u00fcr die kirchliche Pr\u00e4senz auf dem Hessentag, der Landesgartenschau sowie den Internationalen Gospelkirchentag in Kassel im September 2014. Pfarrer Georg Ander-Molnar wird w\u00e4hrend der Vakanzzeit die Gesch\u00e4ftsf\u00fchrung in der Kirchengemeinde Hettenhausen \u00fcbernehmen, Pfarrer Wolf-Benjamin Gittermann betreut w\u00e4hrend der Vakanzzeit die Konfirmanden. Mit dem Weggang der Pfarrer wird sich dann ein mehrere Monate andauerndes Bewerbungsverfahren auf die Pfarrstellen anschlie\u00dfen. (Fotos: Walter Rammler)<\/p>\n","protected":false},"excerpt":{"rendered":"<div class=\"tmnf_excerpt\"><p>Rh\u00f6n. Zwei Pfarrstellen in der Rh\u00f6n, in Tann und in Hettenhausen, werden in 2014 zun\u00e4chst vakant sein. Pfarrer Frank-Nico Jaeger (li.) verl\u00e4sst zum 1. Januar 2014 seine Stelle in Tann. Er hat sich erfolgreich auf eine Pfarrstelle in der Stadtkirche in Bad Hersfeld beworben. Am Sonntag, 29.12.2013, wird er im Gottesdienst von Dekan Bengt Seeberg &hellip;<\/p>\n<\/div>","protected":false},"author":1,"featured_media":0,"comment_status":"closed","ping_status":"closed","sticky":false,"template":"","format":"standard","meta":{"footnotes":""},"categories":[1,50],"tags":[],"class_list":["post-117887","post","type-post","status-publish","format-standard","hentry","category-startseite","category-kirche"],"_links":{"self":[{"href":"https:\/\/www.fuldaernachrichten.de\/index.php?rest_route=\/wp\/v2\/posts\/117887","targetHints":{"allow":["GET"]}}],"collection":[{"href":"https:\/\/www.fuldaernachrichten.de\/index.php?rest_route=\/wp\/v2\/posts"}],"about":[{"href":"https:\/\/www.fuldaernachrichten.de\/index.php?rest_route=\/wp\/v2\/types\/post"}],"author":[{"embeddable":true,"href":"https:\/\/www.fuldaernachrichten.de\/index.php?rest_route=\/wp\/v2\/users\/1"}],"replies":[{"embeddable":true,"href":"https:\/\/www.fuldaernachrichten.de\/index.php?rest_route=%2Fwp%2Fv2%2Fcomments&post=117887"}],"version-history":[{"count":1,"href":"https:\/\/www.fuldaernachrichten.de\/index.php?rest_route=\/wp\/v2\/posts\/117887\/revisions"}],"predecessor-version":[{"id":117890,"href":"https:\/\/www.fuldaernachrichten.de\/index.php?rest_route=\/wp\/v2\/posts\/117887\/revisions\/117890"}],"wp:attachment":[{"href":"https:\/\/www.fuldaernachrichten.de\/index.php?rest_route=%2Fwp%2Fv2%2Fmedia&parent=117887"}],"wp:term":[{"taxonomy":"category","embeddable":true,"href":"https:\/\/www.fuldaernachrichten.de\/index.php?rest_route=%2Fwp%2Fv2%2Fcategories&post=117887"},{"taxonomy":"post_tag","embeddable":true,"href":"https:\/\/www.fuldaernachrichten.de\/index.php?rest_route=%2Fwp%2Fv2%2Ftags&post=117887"}],"curies":[{"name":"wp","href":"https:\/\/api.w.org\/{rel}","templated":true}]}}