{"id":117882,"date":"2013-12-13T00:14:05","date_gmt":"2013-12-13T00:14:05","guid":{"rendered":"http:\/\/www.fuldaer-nachrichten.de\/?p=117882"},"modified":"2013-12-12T15:00:08","modified_gmt":"2013-12-12T15:00:08","slug":"cdu-gemeindeverband-petersberg-zieht-positive-bilanz","status":"publish","type":"post","link":"https:\/\/www.fuldaernachrichten.de\/?p=117882","title":{"rendered":"CDU-Gemeindeverband Petersberg zieht positive Bilanz"},"content":{"rendered":"<div id=\"attachment_117883\" style=\"width: 275px\" class=\"wp-caption alignleft\"><a href=\"http:\/\/www.fuldaer-nachrichten.de\/wp-content\/uploads\/2013\/12\/CDU_Vorstand_Petersberg.jpg\"><img decoding=\"async\" aria-describedby=\"caption-attachment-117883\" class=\"size-thumbnail wp-image-117883\" alt=\"Freuten sich \u00fcber eine konstruktive Hauptversammlung und guten Wahlergebnissen: Stv. Vorsitzender Andreas Kapp, 1. Vorsitzender Hartwig Blum, Kassierer Winfried Bug, Schriftf\u00fchrer Sven Haustein und der Stv. Vorsitzende Frederick Schmitt (v.l.).\" src=\"http:\/\/www.fuldaer-nachrichten.de\/wp-content\/uploads\/2013\/12\/CDU_Vorstand_Petersberg-265x176.jpg\" width=\"265\" height=\"176\" srcset=\"https:\/\/www.fuldaernachrichten.de\/wp-content\/uploads\/2013\/12\/CDU_Vorstand_Petersberg-265x176.jpg 265w, https:\/\/www.fuldaernachrichten.de\/wp-content\/uploads\/2013\/12\/CDU_Vorstand_Petersberg.jpg 600w\" sizes=\"(max-width: 265px) 100vw, 265px\" \/><\/a><p id=\"caption-attachment-117883\" class=\"wp-caption-text\">Freuten sich \u00fcber eine konstruktive Hauptversammlung und guten Wahlergebnissen: Stv. Vorsitzender Andreas Kapp, 1. Vorsitzender Hartwig Blum, Kassierer Winfried Bug, Schriftf\u00fchrer Sven Haustein und der Stv. Vorsitzende Frederick Schmitt (v.l.).<\/p><\/div>\n<p>Petersberg. Gro\u00dfe Einigkeit herrschte bei der Jahreshauptversammlung des CDU-Gemeindeverbands Petersberg, bei der Hartwig Blum mit einem \u00fcberw\u00e4ltigenden Ergebnis ohne Gegenstimmen als 1. Vorsitzender im Amt best\u00e4tigt wurde. In seinem Bericht blickte er auf die Bundestags- und Landtagswahl zur\u00fcck, die von den Ortsverb\u00e4nden und den verschiedenen CDU-Gremien aktiv unterst\u00fctz wurde. Die Ergebnisse in der Kerngemeinde Petersberg und den Ortsteilen waren \u00e4u\u00dferst erfreulich, was sicherlich auf einen guten Wahlkampf zur\u00fcckzuf\u00fchren war.<!--more--><\/p>\n<p>Trotz des anstrengenden Wahljahres wurden einige Veranstaltungen organisiert und Betriebsbesichtigungen vorgenommen. Interessante Vortr\u00e4ge zu den unterschiedlichsten Themen wurden mit namenhaften Referenten angeboten und fanden bei den Mitgliedern und interessierten B\u00fcrgern gro\u00dfes Interesse. Ebenfalls erfreulich beschrieb der Vorsitzende Hartwig Blum die positive Mitgliederentwicklung der CDU Petersberg in den letzten Jahren.<\/p>\n<p>Der Fraktionsvorsitzende der CDU Petersberg Matthias Balzer blickte in seinem ausf\u00fchrlichen T\u00e4tigkeitsbericht auf das erfolgreiche Jahr zur\u00fcck und dankte den aktiven Mitgliedern, die beim Wahlkampf unterst\u00fctzt haben. Auch die \u00fcbrigen Wahlen bei der Hauptversammlung verliefen reibungslos, dank der z\u00fcgigen Durchf\u00fchrung des gew\u00e4hlten Versammlungsleiters Dr. Heiko Wingenfeld.<\/p>\n<p>Der wiedergew\u00e4hlte 1. Vorsitzende Hartwig Blum wird weiterhin von den drei Stellvertretern Andreas Kapp, Frederik Schmitt und Stefan Will unterst\u00fctzt. Als Schriftf\u00fchrer wurde Sven Haustein im Amt best\u00e4tigt, ebenso wie Winfried Bug als Kassierer. Weiterhin unterst\u00fctzt wird der Vorstand von den Beisitzern Martin Beyer, Frank Fleck, Roland Hermann, Benjamin Roth und Siegfried Sch\u00e4fer.<\/p>\n<p>Der Vorsitzende dankte am Ende der Versammlung f\u00fcr das entgegengebrachte Vertrauen und versprach weiterhin eine gute Zusammenarbeit zwischen dem Gemeindeverband, den Ortsverb\u00e4nden und der CDU-Fraktion. \u201eUnser Ziel muss es auch zuk\u00fcnftig sein, als zuverl\u00e4ssiger Partner f\u00fcr die B\u00fcrgerinnen und B\u00fcrger unserer Gemeinde zur Verf\u00fcgung zu stehen\u201c, so Hartwig Blum abschlie\u00dfend.<\/p>\n","protected":false},"excerpt":{"rendered":"<div class=\"tmnf_excerpt\"><p>Petersberg. Gro\u00dfe Einigkeit herrschte bei der Jahreshauptversammlung des CDU-Gemeindeverbands Petersberg, bei der Hartwig Blum mit einem \u00fcberw\u00e4ltigenden Ergebnis ohne Gegenstimmen als 1. Vorsitzender im Amt best\u00e4tigt wurde. In seinem Bericht blickte er auf die Bundestags- und Landtagswahl zur\u00fcck, die von den Ortsverb\u00e4nden und den verschiedenen CDU-Gremien aktiv unterst\u00fctz wurde. Die Ergebnisse in der Kerngemeinde Petersberg &hellip;<\/p>\n<\/div>","protected":false},"author":1,"featured_media":0,"comment_status":"closed","ping_status":"closed","sticky":false,"template":"","format":"standard","meta":{"footnotes":""},"categories":[1,29],"tags":[],"class_list":["post-117882","post","type-post","status-publish","format-standard","hentry","category-startseite","category-politik"],"_links":{"self":[{"href":"https:\/\/www.fuldaernachrichten.de\/index.php?rest_route=\/wp\/v2\/posts\/117882","targetHints":{"allow":["GET"]}}],"collection":[{"href":"https:\/\/www.fuldaernachrichten.de\/index.php?rest_route=\/wp\/v2\/posts"}],"about":[{"href":"https:\/\/www.fuldaernachrichten.de\/index.php?rest_route=\/wp\/v2\/types\/post"}],"author":[{"embeddable":true,"href":"https:\/\/www.fuldaernachrichten.de\/index.php?rest_route=\/wp\/v2\/users\/1"}],"replies":[{"embeddable":true,"href":"https:\/\/www.fuldaernachrichten.de\/index.php?rest_route=%2Fwp%2Fv2%2Fcomments&post=117882"}],"version-history":[{"count":1,"href":"https:\/\/www.fuldaernachrichten.de\/index.php?rest_route=\/wp\/v2\/posts\/117882\/revisions"}],"predecessor-version":[{"id":117884,"href":"https:\/\/www.fuldaernachrichten.de\/index.php?rest_route=\/wp\/v2\/posts\/117882\/revisions\/117884"}],"wp:attachment":[{"href":"https:\/\/www.fuldaernachrichten.de\/index.php?rest_route=%2Fwp%2Fv2%2Fmedia&parent=117882"}],"wp:term":[{"taxonomy":"category","embeddable":true,"href":"https:\/\/www.fuldaernachrichten.de\/index.php?rest_route=%2Fwp%2Fv2%2Fcategories&post=117882"},{"taxonomy":"post_tag","embeddable":true,"href":"https:\/\/www.fuldaernachrichten.de\/index.php?rest_route=%2Fwp%2Fv2%2Ftags&post=117882"}],"curies":[{"name":"wp","href":"https:\/\/api.w.org\/{rel}","templated":true}]}}