{"id":117880,"date":"2013-12-12T14:42:54","date_gmt":"2013-12-12T14:42:54","guid":{"rendered":"http:\/\/www.fuldaer-nachrichten.de\/?p=117880"},"modified":"2013-12-12T14:42:54","modified_gmt":"2013-12-12T14:42:54","slug":"tarifabschluss-in-der-6-runde","status":"publish","type":"post","link":"https:\/\/www.fuldaernachrichten.de\/?p=117880","title":{"rendered":"Tarifabschluss in der 6. Runde"},"content":{"rendered":"<p>Frankfurt. Heute ist es in der 6. Verhandlungsrunde f\u00fcr den Hessischen Einzelhandel gelungen, einen Tarifabschluss zu erzielen. Der Abschluss beinhaltet eine sog. Erkl\u00e4rungsfrist bis zum 14.12.2013 f\u00fcr beide Tarifparteien.\u00c2\u00a0 Der heutige Tarifeinigung sieht zun\u00e4chst bei einer Laufzeit bis zum 31.03.2015 eine Erh\u00f6hung von L\u00f6hnen, Geh\u00e4ltern und Ausbildungsverg\u00fctungen nach 3 Nullmonaten ab dem 01.07.2013 um 3,0 % und weitere 2,1 % ab dem 01.04.2014 f\u00fcr L\u00f6hne und Geh\u00e4lter vor. Die Ausbildungsverg\u00fctungen werden zum 01.04.2014 eine \u00fcberproportionale Erh\u00f6hung erfahren, um die Attraktivit\u00e4t der Ausbildung im Einzelhandel weiter zu erh\u00f6hen.<!--more--><\/p>\n<p>\u201eEin wichtiger Abschluss vor Weihnachten\u201c, kommentiert der Verhandlungsf\u00fchrer der Arbeitgeber, Andreas Conrad. \u201eWir haben mit der Gewerkschaft auch eine Protokollnotiz zu Arbeitszeitregelungen des Manteltarifvertrages vereinbaren k\u00f6nnen, ein guter Abschluss\u201c, erg\u00e4nzt Conrad.\u00c2\u00a0 Zudem wurden Regelungen zur Warenverr\u00e4umt\u00e4tigkeit ebenso vereinbart, wie konkrete Verfahrensabl\u00e4ufe zur erforderlichen Weiterentwicklung der Tarifvertr\u00e4ge zu den Themen Entgeltstruktur\/Entgeltfindung, Arbeitszeitgestaltung und Demographie.<\/p>\n<p>Jetzt k\u00f6nne sich der Hessische Einzelhandel endlich voll auf das Weihnachtsgesch\u00e4ft konzentrieren, so Conrad.<\/p>\n","protected":false},"excerpt":{"rendered":"<div class=\"tmnf_excerpt\"><p>Frankfurt. Heute ist es in der 6. Verhandlungsrunde f\u00fcr den Hessischen Einzelhandel gelungen, einen Tarifabschluss zu erzielen. Der Abschluss beinhaltet eine sog. Erkl\u00e4rungsfrist bis zum 14.12.2013 f\u00fcr beide Tarifparteien.\u00c2\u00a0 Der heutige Tarifeinigung sieht zun\u00e4chst bei einer Laufzeit bis zum 31.03.2015 eine Erh\u00f6hung von L\u00f6hnen, Geh\u00e4ltern und Ausbildungsverg\u00fctungen nach 3 Nullmonaten ab dem 01.07.2013 um 3,0 &hellip;<\/p>\n<\/div>","protected":false},"author":1,"featured_media":0,"comment_status":"closed","ping_status":"closed","sticky":false,"template":"","format":"standard","meta":{"footnotes":""},"categories":[1,29],"tags":[],"class_list":["post-117880","post","type-post","status-publish","format-standard","hentry","category-startseite","category-politik"],"_links":{"self":[{"href":"https:\/\/www.fuldaernachrichten.de\/index.php?rest_route=\/wp\/v2\/posts\/117880","targetHints":{"allow":["GET"]}}],"collection":[{"href":"https:\/\/www.fuldaernachrichten.de\/index.php?rest_route=\/wp\/v2\/posts"}],"about":[{"href":"https:\/\/www.fuldaernachrichten.de\/index.php?rest_route=\/wp\/v2\/types\/post"}],"author":[{"embeddable":true,"href":"https:\/\/www.fuldaernachrichten.de\/index.php?rest_route=\/wp\/v2\/users\/1"}],"replies":[{"embeddable":true,"href":"https:\/\/www.fuldaernachrichten.de\/index.php?rest_route=%2Fwp%2Fv2%2Fcomments&post=117880"}],"version-history":[{"count":1,"href":"https:\/\/www.fuldaernachrichten.de\/index.php?rest_route=\/wp\/v2\/posts\/117880\/revisions"}],"predecessor-version":[{"id":117881,"href":"https:\/\/www.fuldaernachrichten.de\/index.php?rest_route=\/wp\/v2\/posts\/117880\/revisions\/117881"}],"wp:attachment":[{"href":"https:\/\/www.fuldaernachrichten.de\/index.php?rest_route=%2Fwp%2Fv2%2Fmedia&parent=117880"}],"wp:term":[{"taxonomy":"category","embeddable":true,"href":"https:\/\/www.fuldaernachrichten.de\/index.php?rest_route=%2Fwp%2Fv2%2Fcategories&post=117880"},{"taxonomy":"post_tag","embeddable":true,"href":"https:\/\/www.fuldaernachrichten.de\/index.php?rest_route=%2Fwp%2Fv2%2Ftags&post=117880"}],"curies":[{"name":"wp","href":"https:\/\/api.w.org\/{rel}","templated":true}]}}