{"id":117878,"date":"2013-12-13T00:15:34","date_gmt":"2013-12-13T00:15:34","guid":{"rendered":"http:\/\/www.fuldaer-nachrichten.de\/?p=117878"},"modified":"2013-12-12T14:41:32","modified_gmt":"2013-12-12T14:41:32","slug":"weitere-gesundheitswanderfuehrer-bei-wikinger","status":"publish","type":"post","link":"https:\/\/www.fuldaernachrichten.de\/?p=117878","title":{"rendered":"Weitere Gesundheitswanderf\u00fchrer bei Wikinger"},"content":{"rendered":"<p>Kassel. Im vergangenen Jahr hat der Deutsche Wanderverband 23 Wikinger-Reiseleiter zu Gesundheitswanderf\u00fchrern ausgebildet. Deren Angebote waren offenbar erfolgreich: Am vergangenen Dienstag haben weitere 22 Wikinger-Reiseleiter ihr Pr\u00fcfung abgelegt.<!--more--><\/p>\n<p>Ferieng\u00e4ste im In- oder Ausland gekonnt durch die Landschaft zu f\u00fchren, beherrschen die Reiseleiter von Wikinger. Um als Gesundheitswanderf\u00fchrer zu arbeiten, m\u00fcssen die Reisespezialisten mehr wissen. W\u00e4hrend Gesundheitswanderungen m\u00fcssen sie \u00dcbungen in ihre Touren integrieren, welche die Beweglichkeit, Kraft und Koordination ihrer Kunden verbessern. Dazu gibt es Informationen zu einem gesunden Leben und Spa\u00df muss das Ganze den Urlaubern auch machen.<\/p>\n<p>Wie das alles zusammen geht, haben 22 Wikinger-Reiseleiter Anfang Dezember in der Wanderakademie des Sauerl\u00e4ndischen Gebirgsvereins (SGV) in Arnsberg gelernt. Zum zweiten Mal f\u00fchrte der Deutsche Wanderverband zusammen mit der SGV-Wanderakademie dort einen Kurs zur Fortbildung von Wikinger-Reiseleitern zu \u201eGesundheitswanderf\u00fchrern, zertifiziert nach Deutschem Wanderverband\u201c durch. Der zweite Ausbildungsgang war n\u00f6tig geworden, weil die Wikinger-Angebote f\u00fcr gesundheitsbewusste Menschen in diesem Jahr auf sehr gro\u00dfes Interesse gesto\u00dfen sind und im kommenden Jahr fortgef\u00fchrt werden sollen. Ute Dicks, Gesch\u00e4ftsf\u00fchrerin des Deutschen Wanderverbandes: \u201eWir freuen uns sehr, dass Gesundheitsangebote von Wikinger-Reisen bei den Kunden gut angekommen sind und wir die erfolgreiche Kooperation fortsetzen.\u201c<\/p>\n<p>Im vergangenen Jahr haben 23 Wikinger-Reiseleiter das Zertifikat als Gesundheitswanderf\u00fchrer bekommen. Insgesamt kann Wikinger-Reisen damit nun 45 Gesundheitswanderf\u00fchrer in seinen Aktivurlauben f\u00fcr gesundheitsbewusste Menschen einsetzen.<\/p>\n<p>\u201eDie gemeinsame inhaltliche Ausrichtung im Bereich Wandern und Gesundheit bildet eine solide Grundlage f\u00fcr gemeinsame Aktionen\u201c, sagt Dicks. Wie erfolgreich diese gemeinsame Ausrichtung schon ist, zeigt der Wikinger-Reisekatalog \u201eNat\u00fcrlich gesund\u201c: Im kommenden Jahr bietet der Reiseveranstalter an elf Reisezielen im In- und Ausland Gesundheitswanderungen an. Auch im Magazin Ferienwandern 2014 wird \u00fcber 15 Wikinger-Reiseangebote mit Gesundheitswanderungen informiert.<\/p>\n<p>Gesundheitswanderungen z\u00e4hlen auch f\u00fcr das Deutsche Wanderabzeichen, das unter dem Motto \u201eSei aktiv und gehe mit!\u201c Thema des DWV-Aktionsjahres 2014 ist. Offizielle Partner des Aktionsjahres sind neben Wikinger-Reisen, Crataegutt \u00c2\u00ae und LOWA.<\/p>\n<p><strong>Weitere Infos:<\/strong><br \/>\nwww.gesundheitswanderfuehrer.de<br \/>\nwww.deutsches-wanderabzeichen.de<br \/>\nwww.wikinger.de<\/p>\n","protected":false},"excerpt":{"rendered":"<div class=\"tmnf_excerpt\"><p>Kassel. Im vergangenen Jahr hat der Deutsche Wanderverband 23 Wikinger-Reiseleiter zu Gesundheitswanderf\u00fchrern ausgebildet. Deren Angebote waren offenbar erfolgreich: Am vergangenen Dienstag haben weitere 22 Wikinger-Reiseleiter ihr Pr\u00fcfung abgelegt.<\/p>\n<\/div>","protected":false},"author":1,"featured_media":0,"comment_status":"closed","ping_status":"closed","sticky":false,"template":"","format":"standard","meta":{"footnotes":""},"categories":[1,52],"tags":[],"class_list":["post-117878","post","type-post","status-publish","format-standard","hentry","category-startseite","category-umwelt"],"_links":{"self":[{"href":"https:\/\/www.fuldaernachrichten.de\/index.php?rest_route=\/wp\/v2\/posts\/117878","targetHints":{"allow":["GET"]}}],"collection":[{"href":"https:\/\/www.fuldaernachrichten.de\/index.php?rest_route=\/wp\/v2\/posts"}],"about":[{"href":"https:\/\/www.fuldaernachrichten.de\/index.php?rest_route=\/wp\/v2\/types\/post"}],"author":[{"embeddable":true,"href":"https:\/\/www.fuldaernachrichten.de\/index.php?rest_route=\/wp\/v2\/users\/1"}],"replies":[{"embeddable":true,"href":"https:\/\/www.fuldaernachrichten.de\/index.php?rest_route=%2Fwp%2Fv2%2Fcomments&post=117878"}],"version-history":[{"count":1,"href":"https:\/\/www.fuldaernachrichten.de\/index.php?rest_route=\/wp\/v2\/posts\/117878\/revisions"}],"predecessor-version":[{"id":117879,"href":"https:\/\/www.fuldaernachrichten.de\/index.php?rest_route=\/wp\/v2\/posts\/117878\/revisions\/117879"}],"wp:attachment":[{"href":"https:\/\/www.fuldaernachrichten.de\/index.php?rest_route=%2Fwp%2Fv2%2Fmedia&parent=117878"}],"wp:term":[{"taxonomy":"category","embeddable":true,"href":"https:\/\/www.fuldaernachrichten.de\/index.php?rest_route=%2Fwp%2Fv2%2Fcategories&post=117878"},{"taxonomy":"post_tag","embeddable":true,"href":"https:\/\/www.fuldaernachrichten.de\/index.php?rest_route=%2Fwp%2Fv2%2Ftags&post=117878"}],"curies":[{"name":"wp","href":"https:\/\/api.w.org\/{rel}","templated":true}]}}