{"id":117876,"date":"2013-12-13T00:12:14","date_gmt":"2013-12-13T00:12:14","guid":{"rendered":"http:\/\/www.fuldaer-nachrichten.de\/?p=117876"},"modified":"2013-12-12T14:40:23","modified_gmt":"2013-12-12T14:40:23","slug":"strom-wasser-ableser-sind-ab-dem-16-dezember-2013-im-netzgebiet-unterwegs","status":"publish","type":"post","link":"https:\/\/www.fuldaernachrichten.de\/?p=117876","title":{"rendered":"Strom- &#038; Wasser-Ableser sind ab dem 16. Dezember 2013 im Netzgebiet unterwegs"},"content":{"rendered":"<p>Fulda. In diesem Jahr werden die Ablesungen der Strom-, Gas- und Wasserz\u00e4hler nach der Fusion der bisherigen \u00dcWAG und GWV erstmals zusammen durchgef\u00fchrt. Die OsthessenNetz GmbH hat daf\u00fcr den Ablesedienstleister Ifi GmbH beauftragt. Die Ablesungen finden vom 16. Dezember 2013 bis zum 13. Januar 2014 statt. Falls die Z\u00e4hlerableser in diesem Zeitraum niemanden zu Hause antreffen, besteht die M\u00f6glichkeit, die Z\u00e4hlerst\u00e4nde per Internet (www.osthessennetz.de), E-Mail (jahresverbrauchsablesung@osthessennetz.de), Telefon (0661 1214-80) oder Fax (0661 1214-88) zu \u00fcbermitteln. Alle Z\u00e4hlerableser sind im Auftrag der OsthessenNetz GmbH unterwegs und k\u00f6nnen sich ausweisen.<\/p>\n","protected":false},"excerpt":{"rendered":"<div class=\"tmnf_excerpt\"><p>Fulda. In diesem Jahr werden die Ablesungen der Strom-, Gas- und Wasserz\u00e4hler nach der Fusion der bisherigen \u00dcWAG und GWV erstmals zusammen durchgef\u00fchrt. Die OsthessenNetz GmbH hat daf\u00fcr den Ablesedienstleister Ifi GmbH beauftragt. Die Ablesungen finden vom 16. Dezember 2013 bis zum 13. Januar 2014 statt. Falls die Z\u00e4hlerableser in diesem Zeitraum niemanden zu Hause &hellip;<\/p>\n<\/div>","protected":false},"author":1,"featured_media":0,"comment_status":"closed","ping_status":"closed","sticky":false,"template":"","format":"standard","meta":{"footnotes":""},"categories":[1,29],"tags":[],"class_list":["post-117876","post","type-post","status-publish","format-standard","hentry","category-startseite","category-politik"],"_links":{"self":[{"href":"https:\/\/www.fuldaernachrichten.de\/index.php?rest_route=\/wp\/v2\/posts\/117876","targetHints":{"allow":["GET"]}}],"collection":[{"href":"https:\/\/www.fuldaernachrichten.de\/index.php?rest_route=\/wp\/v2\/posts"}],"about":[{"href":"https:\/\/www.fuldaernachrichten.de\/index.php?rest_route=\/wp\/v2\/types\/post"}],"author":[{"embeddable":true,"href":"https:\/\/www.fuldaernachrichten.de\/index.php?rest_route=\/wp\/v2\/users\/1"}],"replies":[{"embeddable":true,"href":"https:\/\/www.fuldaernachrichten.de\/index.php?rest_route=%2Fwp%2Fv2%2Fcomments&post=117876"}],"version-history":[{"count":1,"href":"https:\/\/www.fuldaernachrichten.de\/index.php?rest_route=\/wp\/v2\/posts\/117876\/revisions"}],"predecessor-version":[{"id":117877,"href":"https:\/\/www.fuldaernachrichten.de\/index.php?rest_route=\/wp\/v2\/posts\/117876\/revisions\/117877"}],"wp:attachment":[{"href":"https:\/\/www.fuldaernachrichten.de\/index.php?rest_route=%2Fwp%2Fv2%2Fmedia&parent=117876"}],"wp:term":[{"taxonomy":"category","embeddable":true,"href":"https:\/\/www.fuldaernachrichten.de\/index.php?rest_route=%2Fwp%2Fv2%2Fcategories&post=117876"},{"taxonomy":"post_tag","embeddable":true,"href":"https:\/\/www.fuldaernachrichten.de\/index.php?rest_route=%2Fwp%2Fv2%2Ftags&post=117876"}],"curies":[{"name":"wp","href":"https:\/\/api.w.org\/{rel}","templated":true}]}}