{"id":117873,"date":"2013-12-13T00:14:47","date_gmt":"2013-12-13T00:14:47","guid":{"rendered":"http:\/\/www.fuldaer-nachrichten.de\/?p=117873"},"modified":"2013-12-12T14:39:04","modified_gmt":"2013-12-12T14:39:04","slug":"treffen-der-kirchenleitungen-der-evangelischen-kirche-von-kurhessen-waldeck-ekkw-und-des-bistums-fulda-in-kassel","status":"publish","type":"post","link":"https:\/\/www.fuldaernachrichten.de\/?p=117873","title":{"rendered":"Treffen der Kirchenleitungen der Evangelischen Kirche von Kurhessen-Waldeck (EKKW) und des Bistums Fulda in Kassel"},"content":{"rendered":"<p><b><a href=\"http:\/\/www.fuldaer-nachrichten.de\/wp-content\/uploads\/2013\/12\/131211_Kirchenleitungstreffen-EKKW-und-Bistum-Fulda_mg_8142.jpg\"><img decoding=\"async\" class=\"alignleft size-thumbnail wp-image-117874\" alt=\"131211_Kirchenleitungstreffen EKKW und Bistum Fulda_mg_8142\" src=\"http:\/\/www.fuldaer-nachrichten.de\/wp-content\/uploads\/2013\/12\/131211_Kirchenleitungstreffen-EKKW-und-Bistum-Fulda_mg_8142-265x176.jpg\" width=\"265\" height=\"176\" srcset=\"https:\/\/www.fuldaernachrichten.de\/wp-content\/uploads\/2013\/12\/131211_Kirchenleitungstreffen-EKKW-und-Bistum-Fulda_mg_8142-265x176.jpg 265w, https:\/\/www.fuldaernachrichten.de\/wp-content\/uploads\/2013\/12\/131211_Kirchenleitungstreffen-EKKW-und-Bistum-Fulda_mg_8142.jpg 600w\" sizes=\"(max-width: 265px) 100vw, 265px\" \/><\/a>Fulda\/Kassel<\/b> (bpf). Bei der j\u00e4hrlichen Zusammenkunft der Kirchenleitungen der Evangelischen Kirche von Kurhessen-Waldeck (EKKW) und des Bistums Fulda am 11. Dezember in Kassel standen aktuelle Fragen und Entwicklungen in beiden Kirchen auf der Tagesordnung. Schwerpunkt war in diesem Jahr das Thema Glaubenskommunikation\/Glaubenskurse.<!--more--><\/p>\n<p>Es folgte ein Ausblick auf zwei \u00f6kumenische Ereignisse im Jahr 2014: der \u00f6kumenische Gottesdienst im Rahmen der Gebetswoche f\u00fcr die Einheit der Christen am Dienstag, 3. Juni, um 18.30 Uhr mit den Bisch\u00f6fen Dr. Martin Hein und Heinz Josef Algermissen im Fuldaer Dom sowie der Gottesdienst anl\u00e4sslich des 50. Jahrestages der Verabschiedung des \u00d6kumenismusdekrets des Zweiten Vatikanischen Konzils \u201eUnitatis Redintegratio\u201c am Freitag, 21. November, um 18 Uhr ebenfalls im Fuldaer Dom. Dazu werden G\u00e4ste der Mitgliedskirchen der ACK Hessen\/Rheinhessen erwartet.<\/p>\n","protected":false},"excerpt":{"rendered":"<div class=\"tmnf_excerpt\"><p>Fulda\/Kassel (bpf). Bei der j\u00e4hrlichen Zusammenkunft der Kirchenleitungen der Evangelischen Kirche von Kurhessen-Waldeck (EKKW) und des Bistums Fulda am 11. Dezember in Kassel standen aktuelle Fragen und Entwicklungen in beiden Kirchen auf der Tagesordnung. Schwerpunkt war in diesem Jahr das Thema Glaubenskommunikation\/Glaubenskurse.<\/p>\n<\/div>","protected":false},"author":1,"featured_media":0,"comment_status":"closed","ping_status":"closed","sticky":false,"template":"","format":"standard","meta":{"footnotes":""},"categories":[1,50],"tags":[],"class_list":["post-117873","post","type-post","status-publish","format-standard","hentry","category-startseite","category-kirche"],"_links":{"self":[{"href":"https:\/\/www.fuldaernachrichten.de\/index.php?rest_route=\/wp\/v2\/posts\/117873","targetHints":{"allow":["GET"]}}],"collection":[{"href":"https:\/\/www.fuldaernachrichten.de\/index.php?rest_route=\/wp\/v2\/posts"}],"about":[{"href":"https:\/\/www.fuldaernachrichten.de\/index.php?rest_route=\/wp\/v2\/types\/post"}],"author":[{"embeddable":true,"href":"https:\/\/www.fuldaernachrichten.de\/index.php?rest_route=\/wp\/v2\/users\/1"}],"replies":[{"embeddable":true,"href":"https:\/\/www.fuldaernachrichten.de\/index.php?rest_route=%2Fwp%2Fv2%2Fcomments&post=117873"}],"version-history":[{"count":1,"href":"https:\/\/www.fuldaernachrichten.de\/index.php?rest_route=\/wp\/v2\/posts\/117873\/revisions"}],"predecessor-version":[{"id":117875,"href":"https:\/\/www.fuldaernachrichten.de\/index.php?rest_route=\/wp\/v2\/posts\/117873\/revisions\/117875"}],"wp:attachment":[{"href":"https:\/\/www.fuldaernachrichten.de\/index.php?rest_route=%2Fwp%2Fv2%2Fmedia&parent=117873"}],"wp:term":[{"taxonomy":"category","embeddable":true,"href":"https:\/\/www.fuldaernachrichten.de\/index.php?rest_route=%2Fwp%2Fv2%2Fcategories&post=117873"},{"taxonomy":"post_tag","embeddable":true,"href":"https:\/\/www.fuldaernachrichten.de\/index.php?rest_route=%2Fwp%2Fv2%2Ftags&post=117873"}],"curies":[{"name":"wp","href":"https:\/\/api.w.org\/{rel}","templated":true}]}}