{"id":117844,"date":"2013-12-12T00:12:11","date_gmt":"2013-12-12T00:12:11","guid":{"rendered":"http:\/\/www.fuldaer-nachrichten.de\/?p=117844"},"modified":"2013-12-11T17:15:01","modified_gmt":"2013-12-11T17:15:01","slug":"friedenslicht-dieses-jahr-etwas-anders","status":"publish","type":"post","link":"https:\/\/www.fuldaernachrichten.de\/?p=117844","title":{"rendered":"Friedenslicht \u2013 dieses Jahr etwas anders"},"content":{"rendered":"<p>Fulda\/Kassel\/Marburg\/Hanau Wenige Tage vor dem Heiligen Abend machen sich auch in diesem Jahr wieder Pfadfinderinnen und Pfadfinder aus ganz Europa und \u00dcbersee auf den Weg Richtung Wien. Dort nehmen sie dann das Licht entgegen, welches in der Geburtsgrotte Jesu in Betlehem entz\u00fcndet wurde.<!--more--><\/p>\n<p>In diesem Jahr werden Lena Berkey und Nils Berkey vom Verband christlicher Pfadfinderinnen und Pfadfinder (VCP) das Friedenslicht aus Betlehem f\u00fcr das Bistum Fulda und die ev. Landeskirche Kurhessen-Waldeck entgegen nehmen. Im \u00f6kumenischen Aussendungsgottesdienst am 15. Dezember 2013 werden sie dann um 14:00 Uhr im Dom in Fulda das Friedenslicht aus Betlehem an die Pfadfinderinnen und Pfadfinder und alle Besucher weitergeben.<\/p>\n<p>Verschiedene Pfadfindergruppen bringen das Licht mit Hilfe der Deutschen Bahn, der Hessischen Landesbahn und der Cantus zu den Bahnh\u00f6fen des Bistums. Genaue Zugzeiten und Zugstrecken erfahren sie unter <a href=\"http:\/\/www.dpsg-fulda.de\">www.dpsg-fulda.de<\/a><\/p>\n<p>Das Licht in diesem Jahr auch wieder auf dem Fuldaer Weihnachtsmarkt verteilt. Um 17:00 Uhr werden die Friedenslichttr\u00e4ger nach einer kurzen Ansprache auf der B\u00fchne des Universit\u00e4tsplatzes das Licht, als Zeichen des Friedens, an die J\u00fcdische Gemeinde weitergeben.<\/p>\n<p>Alle die sich das Licht am Weihnachtsmarkt abholen m\u00f6chten, bitten wir darum Kerzen, Laternen oder sonstige Beh\u00e4lter mitzubringen.<\/p>\n<p><b>Hintergrund der Aktion<\/b><\/p>\n<p>Im Jahr 1986 entstand im ober\u00f6sterreichischen Landesstudio des \u00d6sterreichischen Rundfunks (ORF) die Idee, die mittlerweile eine Lichtspur durch ganz Europa gezogen hat: Ein Licht aus Betlehem soll als Botschafter des Friedens durch die L\u00e4nder reisen und die Geburt Jesu verk\u00fcnden.<\/p>\n<p>Das Licht ist das weihnachtliche Symbol schlechthin. Mit dem Entz\u00fcnden und Weitergeben des Friedenslichtes erinnern wir uns an die weihnachtliche Botschaft und an unseren Auftrag, den Frieden unter den Menschen zu verwirklichen.<\/p>\n<p>Seit 1986 wird das Friedenslicht in jedem Jahr in den Wochen vor Weihnachten von einem ober\u00f6sterreichischen Kind in der Geburtsgrotte Jesu entz\u00fcndet. Von Bethlehem aus reist das Licht mit dem Flugzeug nach Wien. Dort wird es am dritten Adventswochenende in alle Orte \u00d6sterreichs und in die meisten europ\u00e4ischen L\u00e4nder gesandt. Z\u00fcge mit dem Licht fahren \u00fcber den ganzen Kontinent.<\/p>\n<p>Insbesondere die Pfadfinderinnen und Pfadfinder haben sich des Friedenslichtes angenommen und sorgen daf\u00fcr, dass es in den meisten europ\u00e4ischen L\u00e4ndern verbreitet wird und sogar seinen Weg in die USA gefunden hat.<\/p>\n<p>Das Friedenslicht ist kein magisches Zeichen, das den Frieden herbeizaubern kann. Es erinnert uns vielmehr an unsere Pflicht, uns f\u00fcr den Frieden einzusetzen. Das Friedenslicht ist ein Zeichen der Hoffnung. Es breitet sich in wenigen Tagen \u00c2\u00a0von einer einzelnen kleinen Flamme zu einem Lichtermeer aus und leuchtet mit seiner Botschaft Millionen von Menschen.<\/p>\n","protected":false},"excerpt":{"rendered":"<div class=\"tmnf_excerpt\"><p>Fulda\/Kassel\/Marburg\/Hanau Wenige Tage vor dem Heiligen Abend machen sich auch in diesem Jahr wieder Pfadfinderinnen und Pfadfinder aus ganz Europa und \u00dcbersee auf den Weg Richtung Wien. Dort nehmen sie dann das Licht entgegen, welches in der Geburtsgrotte Jesu in Betlehem entz\u00fcndet wurde.<\/p>\n<\/div>","protected":false},"author":1,"featured_media":0,"comment_status":"closed","ping_status":"closed","sticky":false,"template":"","format":"standard","meta":{"footnotes":""},"categories":[1,50],"tags":[],"class_list":["post-117844","post","type-post","status-publish","format-standard","hentry","category-startseite","category-kirche"],"_links":{"self":[{"href":"https:\/\/www.fuldaernachrichten.de\/index.php?rest_route=\/wp\/v2\/posts\/117844","targetHints":{"allow":["GET"]}}],"collection":[{"href":"https:\/\/www.fuldaernachrichten.de\/index.php?rest_route=\/wp\/v2\/posts"}],"about":[{"href":"https:\/\/www.fuldaernachrichten.de\/index.php?rest_route=\/wp\/v2\/types\/post"}],"author":[{"embeddable":true,"href":"https:\/\/www.fuldaernachrichten.de\/index.php?rest_route=\/wp\/v2\/users\/1"}],"replies":[{"embeddable":true,"href":"https:\/\/www.fuldaernachrichten.de\/index.php?rest_route=%2Fwp%2Fv2%2Fcomments&post=117844"}],"version-history":[{"count":1,"href":"https:\/\/www.fuldaernachrichten.de\/index.php?rest_route=\/wp\/v2\/posts\/117844\/revisions"}],"predecessor-version":[{"id":117845,"href":"https:\/\/www.fuldaernachrichten.de\/index.php?rest_route=\/wp\/v2\/posts\/117844\/revisions\/117845"}],"wp:attachment":[{"href":"https:\/\/www.fuldaernachrichten.de\/index.php?rest_route=%2Fwp%2Fv2%2Fmedia&parent=117844"}],"wp:term":[{"taxonomy":"category","embeddable":true,"href":"https:\/\/www.fuldaernachrichten.de\/index.php?rest_route=%2Fwp%2Fv2%2Fcategories&post=117844"},{"taxonomy":"post_tag","embeddable":true,"href":"https:\/\/www.fuldaernachrichten.de\/index.php?rest_route=%2Fwp%2Fv2%2Ftags&post=117844"}],"curies":[{"name":"wp","href":"https:\/\/api.w.org\/{rel}","templated":true}]}}