{"id":117832,"date":"2013-12-12T00:25:04","date_gmt":"2013-12-12T00:25:04","guid":{"rendered":"http:\/\/www.fuldaer-nachrichten.de\/?p=117832"},"modified":"2013-12-11T17:23:54","modified_gmt":"2013-12-11T17:23:54","slug":"26-neue-schulsanitaeter-am-domgymnasium-ausgebildet","status":"publish","type":"post","link":"https:\/\/www.fuldaernachrichten.de\/?p=117832","title":{"rendered":"26 neue Schulsanit\u00e4ter am Domgymnasium ausgebildet"},"content":{"rendered":"<p><b><a href=\"http:\/\/www.fuldaer-nachrichten.de\/wp-content\/uploads\/2013\/12\/2013_-Schulsanit\u00e4tsernennung-Domgymnasium.jpg\"><img decoding=\"async\" class=\"alignleft size-thumbnail wp-image-117833\" alt=\"2013_ Schulsanit\u00e4tsernennung Domgymnasium\" src=\"http:\/\/www.fuldaer-nachrichten.de\/wp-content\/uploads\/2013\/12\/2013_-Schulsanit\u00e4tsernennung-Domgymnasium-265x85.jpg\" width=\"265\" height=\"85\" \/><\/a>Fulda. <\/b>Die Malteser in Fulda haben 26 Sch\u00fclerinnen und Sch\u00fcler des Domgymnasiums als Schulsanit\u00e4ter ausgebildet. Ausgestattet mit dem n\u00f6tigen Fachwissen und ersten praktischen Erfahrungen werden die Sch\u00fcler k\u00fcnftig als Ersthelfer bei medizinischen Hilfeleistungen zur Verf\u00fcgung stehen.<!--more--><\/p>\n<p>\u201eSchulsanit\u00e4ter sind Sch\u00fcler, die von den Maltesern \u00fcber das normale Ma\u00df hinaus in Erster Hilfe und im Umgang mit hilfsbed\u00fcrftigen Menschen ausgebildet sind. W\u00e4hrend der Unterrichtszeiten, in den Pausen und bei Schulveranstaltungen \u00fcbernehmen sie im Rahmen ihrer Kenntnisse und F\u00e4higkeiten den Sanit\u00e4tsdienst\u201c, erkl\u00e4rt Brigitta Br\u00e4hler- Fischer, die bei den Maltesern Fulda verantwortlich f\u00fcr die Ausbildung von Schulsanit\u00e4tern ist. Vorangegangen war eine Ausbildung der Sch\u00fcler inklusive einer Abschlusspr\u00fcfung. Malteser Vorstandsmitglied Dr. Bertram Stitz \u00fcberreichte den Sch\u00fclern die Urkunden. Er freute sich \u00fcber ein echtes Heimspiel, denn er hatte selber vor vielen Jahren am Domgymnasium sein Abitur gemacht.<\/p>\n<p>Die Ausbildung durch die Malteser findet in bew\u00e4hrter Zusammenarbeit mit Oberstudiendirektor Markus H\u00f6hl sowie Oberstudienr\u00e4tin Karin Goldbach statt, die die Schulsanit\u00e4ter betreut. \u201eDie Schulsanit\u00e4ter leisten eine sehr wertvolle Arbeit \u2013 f\u00fcr die Schulgemeinde, aber auch dar\u00fcber hinaus. Denn Notf\u00e4lle k\u00f6nnen immer und \u00fcberall passieren\u201c, sagt H\u00f6hl. Gleichzeitig lernten die Sch\u00fcler, Verantwortung zu \u00fcbernehmen und einen Blick f\u00fcr ihre Mitmenschen zu haben. Finanziell unterst\u00fctzt wird die Ausbildung der Malteser Schulsanit\u00e4ter von der\u00c2\u00a0 Genossenschaftsbank Fulda.<\/p>\n<p>Wer sich f\u00fcr den Schulsanit\u00e4tsdienst der Malteser Fulda interessiert oder selbst aktiv werden m\u00f6chte, findet ausf\u00fchrliche Informationen auf der Internetseite www.malteser-fulda.de oder direkt bei Brigitta Br\u00e4hler-Fischer (E-Mail: brigitta.braehler-fischer@malteser.org).<\/p>\n","protected":false},"excerpt":{"rendered":"<div class=\"tmnf_excerpt\"><p>Fulda. Die Malteser in Fulda haben 26 Sch\u00fclerinnen und Sch\u00fcler des Domgymnasiums als Schulsanit\u00e4ter ausgebildet. Ausgestattet mit dem n\u00f6tigen Fachwissen und ersten praktischen Erfahrungen werden die Sch\u00fcler k\u00fcnftig als Ersthelfer bei medizinischen Hilfeleistungen zur Verf\u00fcgung stehen.<\/p>\n<\/div>","protected":false},"author":1,"featured_media":0,"comment_status":"closed","ping_status":"closed","sticky":false,"template":"","format":"standard","meta":{"footnotes":""},"categories":[1,51],"tags":[],"class_list":["post-117832","post","type-post","status-publish","format-standard","hentry","category-startseite","category-medizin"],"_links":{"self":[{"href":"https:\/\/www.fuldaernachrichten.de\/index.php?rest_route=\/wp\/v2\/posts\/117832","targetHints":{"allow":["GET"]}}],"collection":[{"href":"https:\/\/www.fuldaernachrichten.de\/index.php?rest_route=\/wp\/v2\/posts"}],"about":[{"href":"https:\/\/www.fuldaernachrichten.de\/index.php?rest_route=\/wp\/v2\/types\/post"}],"author":[{"embeddable":true,"href":"https:\/\/www.fuldaernachrichten.de\/index.php?rest_route=\/wp\/v2\/users\/1"}],"replies":[{"embeddable":true,"href":"https:\/\/www.fuldaernachrichten.de\/index.php?rest_route=%2Fwp%2Fv2%2Fcomments&post=117832"}],"version-history":[{"count":1,"href":"https:\/\/www.fuldaernachrichten.de\/index.php?rest_route=\/wp\/v2\/posts\/117832\/revisions"}],"predecessor-version":[{"id":117834,"href":"https:\/\/www.fuldaernachrichten.de\/index.php?rest_route=\/wp\/v2\/posts\/117832\/revisions\/117834"}],"wp:attachment":[{"href":"https:\/\/www.fuldaernachrichten.de\/index.php?rest_route=%2Fwp%2Fv2%2Fmedia&parent=117832"}],"wp:term":[{"taxonomy":"category","embeddable":true,"href":"https:\/\/www.fuldaernachrichten.de\/index.php?rest_route=%2Fwp%2Fv2%2Fcategories&post=117832"},{"taxonomy":"post_tag","embeddable":true,"href":"https:\/\/www.fuldaernachrichten.de\/index.php?rest_route=%2Fwp%2Fv2%2Ftags&post=117832"}],"curies":[{"name":"wp","href":"https:\/\/api.w.org\/{rel}","templated":true}]}}