{"id":117824,"date":"2013-12-12T00:14:41","date_gmt":"2013-12-12T00:14:41","guid":{"rendered":"http:\/\/www.fuldaer-nachrichten.de\/?p=117824"},"modified":"2013-12-11T16:55:18","modified_gmt":"2013-12-11T16:55:18","slug":"mittelstandsvereinigung-fuer-mittelstands-tuev","status":"publish","type":"post","link":"https:\/\/www.fuldaernachrichten.de\/?p=117824","title":{"rendered":"Mittelstandsvereinigung f\u00fcr Mittelstands-T\u00dcV"},"content":{"rendered":"<p>Fulda. Der Wirtschaftsfl\u00fcgel der CDU\/CSU \u00e4u\u00dfert sich entt\u00e4uscht \u00fcber den Teil des Koalitionsvertrages, der sich mit Wirtschaft, Mittelstand, Rente und Arbeitsmarkt besch\u00e4ftigt. Auf einer Sitzung des Landesvorstandes der Hessischen Mittelstands- und Wirtschaftsvereinigung in Fulda kritisierte der MIT-Bundesvorsitzende Carsten Linnemann MdB, dass die Forderungen der MIT in diesen Bereichen nicht ber\u00fccksichtigt worden seien. Insbesondere der Verzicht auf die R\u00fccknahme der Vorf\u00e4lligkeit der Sozialversicherungsbeitr\u00e4ge und der Verzicht auf die Abschaffung der kalten Progression werde Mittelstand und Leistungstr\u00e4ger weiter belasten. Linnemann betonte, der Koalitionsvertrag sei ein Leitfaden und Wegweiser. Keine Vereinbarung k\u00f6nnte aber buchstabengenau ausgef\u00fchrt werden. Deshalb komme es auf die Umsetzung der Gesetzesvorhaben an.<!--more--><\/p>\n<p>Der Landesvorsitzende der MIT Hessen, Frank Hartmann, sah durch die Koalitionspl\u00e4ne eine \u201eGerechtigkeitsl\u00fccke f\u00fcr den Mittelstand\u201c. Reglementierungen nehmen weiter zu, versprochene Entlastungen blieben aus. Ohne einen funktionierenden Mittelstand gebe es in Zukunft aber nicht gen\u00fcgend qualifizierte Ausbildungs- und Arbeitspl\u00e4tze. Soziale Wohltaten k\u00f6nnten nur gezahlt werden, wenn es gen\u00fcgend Steuereinnahmen gebe. Deshalb m\u00fcssten die Leistungstr\u00e4ger, die die Steuern zahlen, entlastet und nicht belastet werden.<\/p>\n<p>Linnemann und Hartmann forderten f\u00fcr k\u00fcnftige Gesetzesvorhaben einen Mittelstands-T\u00dcV. Die MIT werde sehr genau darauf achten, dass bei der Umsetzung der Koalitionsvereinbarung mittelstandsfreundliche Regelungen gefunden werden.<\/p>\n","protected":false},"excerpt":{"rendered":"<div class=\"tmnf_excerpt\"><p>Fulda. Der Wirtschaftsfl\u00fcgel der CDU\/CSU \u00e4u\u00dfert sich entt\u00e4uscht \u00fcber den Teil des Koalitionsvertrages, der sich mit Wirtschaft, Mittelstand, Rente und Arbeitsmarkt besch\u00e4ftigt. Auf einer Sitzung des Landesvorstandes der Hessischen Mittelstands- und Wirtschaftsvereinigung in Fulda kritisierte der MIT-Bundesvorsitzende Carsten Linnemann MdB, dass die Forderungen der MIT in diesen Bereichen nicht ber\u00fccksichtigt worden seien. Insbesondere der Verzicht &hellip;<\/p>\n<\/div>","protected":false},"author":1,"featured_media":0,"comment_status":"closed","ping_status":"closed","sticky":false,"template":"","format":"standard","meta":{"footnotes":""},"categories":[1,29],"tags":[],"class_list":["post-117824","post","type-post","status-publish","format-standard","hentry","category-startseite","category-politik"],"_links":{"self":[{"href":"https:\/\/www.fuldaernachrichten.de\/index.php?rest_route=\/wp\/v2\/posts\/117824","targetHints":{"allow":["GET"]}}],"collection":[{"href":"https:\/\/www.fuldaernachrichten.de\/index.php?rest_route=\/wp\/v2\/posts"}],"about":[{"href":"https:\/\/www.fuldaernachrichten.de\/index.php?rest_route=\/wp\/v2\/types\/post"}],"author":[{"embeddable":true,"href":"https:\/\/www.fuldaernachrichten.de\/index.php?rest_route=\/wp\/v2\/users\/1"}],"replies":[{"embeddable":true,"href":"https:\/\/www.fuldaernachrichten.de\/index.php?rest_route=%2Fwp%2Fv2%2Fcomments&post=117824"}],"version-history":[{"count":1,"href":"https:\/\/www.fuldaernachrichten.de\/index.php?rest_route=\/wp\/v2\/posts\/117824\/revisions"}],"predecessor-version":[{"id":117825,"href":"https:\/\/www.fuldaernachrichten.de\/index.php?rest_route=\/wp\/v2\/posts\/117824\/revisions\/117825"}],"wp:attachment":[{"href":"https:\/\/www.fuldaernachrichten.de\/index.php?rest_route=%2Fwp%2Fv2%2Fmedia&parent=117824"}],"wp:term":[{"taxonomy":"category","embeddable":true,"href":"https:\/\/www.fuldaernachrichten.de\/index.php?rest_route=%2Fwp%2Fv2%2Fcategories&post=117824"},{"taxonomy":"post_tag","embeddable":true,"href":"https:\/\/www.fuldaernachrichten.de\/index.php?rest_route=%2Fwp%2Fv2%2Ftags&post=117824"}],"curies":[{"name":"wp","href":"https:\/\/api.w.org\/{rel}","templated":true}]}}