{"id":117822,"date":"2013-12-12T00:15:50","date_gmt":"2013-12-12T00:15:50","guid":{"rendered":"http:\/\/www.fuldaer-nachrichten.de\/?p=117822"},"modified":"2013-12-11T16:52:00","modified_gmt":"2013-12-11T16:52:00","slug":"verein-miteinander-fuereinander-oberes-fuldatal-e-v-im-gespraech-mit-arbeitsgruppe-leben-im-alter-der-kreisverwaltung","status":"publish","type":"post","link":"https:\/\/www.fuldaernachrichten.de\/?p=117822","title":{"rendered":"Verein \u201eMiteinander \u2013 F\u00fcreinander Oberes Fuldatal e.V.\u201c im Gespr\u00e4ch mit Arbeitsgruppe \u201eLeben im Alter\u201c der Kreisverwaltung"},"content":{"rendered":"<p>Fulda. Um die soziale Infrastruktur im l\u00e4ndlichen Raum vor dem Hintergrund des demografischen Wandels auf Dauer aufrecht zu erhalten, ist eine St\u00e4rkung b\u00fcrgerschaftlichen Engagements erforderlich. Mit dieser Zielsetzung haben sich in verschiedenen kreisangeh\u00f6rigen St\u00e4dten und Gemeinden Vereine gegr\u00fcndet, die der Landkreis Fulda sowohl ideell als auch bei konkreten Aktivit\u00e4ten als Ansprechpartner unterst\u00fctzt. Sie \u00fcbernehmen Aufgaben, die fr\u00fcher von der Familie, Nachbarn oder kirchlichen Einrichtungen erledigt wurden.<!--more--><\/p>\n<p>Ein gelungenes Beispiel ist der seit sieben Jahren bestehende Verein \u201eMiteinander &#8211; F\u00fcreinander Oberes Fuldatal e.V.\u201c mit rund 200 Mitgliedern, dessen Zust\u00e4ndigkeitsgebiet sich auf die Gemeinde Ebersburg und die Stadt Gersfeld erstreckt. Nach Aussage seines Vorsitzenden Dr. Hans Unbehauen hat sich der Verein insbesondere die Teilhabe \u00e4lterer Menschen am gesellschaftlichen Leben auf die Fahnen geschrieben. In der letzten Sitzung der Arbeitsgruppe \u201eLeben im Alter\u201c der Kreisverwaltung stellte der Verein sein Leistungsspektrum vor, das von Alltagshilfen bis zur Begleitung in schwierigen Lebenssituationen wie Demenzerkrankungen reicht.<\/p>\n<p>Dr. Unbehauen berichtete, dass vor allem die Fahrdienste durch ehrenamtliche Helfer zum Arzt oder Einkaufen rege in Anspruch genommen w\u00fcrden. Der Verein verstehe sich nicht als Konkurrenz zu gewerblichen Anbietern, sondern f\u00fclle eine Versorgungsl\u00fccke aus. Die Bereitschaft von r\u00fcstigen Rentnerinnen und Rentnern, sich n\u00fctzlich machen zu wollen, sei durchaus vorhanden. Angesichts der gro\u00dfen Nachfrage werde eine Ausweitung der Alltagshilfen \u00fcber Ebersburg und Gersfeld hinaus erwogen. Dies gelte auch f\u00fcr das gemeinsam mit dem Landkreis Fulda gestartete Projekt Leih-Gro\u00dfeltern, das ein lebhaftes Medieninteresse finde.<\/p>\n<p>Das Bildungs-, Kultur- und Freizeitprogramm st\u00f6\u00dft ebenfalls auf eine gute Resonanz. Hierzu z\u00e4hlen beispielsweise Vortragsveranstaltungen vor allem zu Gesundheits- und Rechtsthemen, Mitmachtage, Kinoabende, PC-Kurse in Kooperation mit der Anne-Frank-Schule, zwei Erz\u00e4hlcafes sowie ein Mittagstisch. Damit \u00e4ltere Menschen m\u00f6glichst lange in ihrer Wohnung bleiben k\u00f6nnten, biete der Verein zudem eine Wohnberatung sowie eine Beratung zu sonstigen Hilfeleistungen wie Essen auf R\u00e4dern und Hausnotruf an, teilte Dr. Unbehauen mit, der von den beiden hauptamtlichen Kr\u00e4ften Brigitte Kirchner und Susanne Beh begleitet wurde.<\/p>\n<p>Ein Bereich, der zunehmend an Bedeutung gewinnt, ist die ehrenamtliche Demenzbegleitung. Hier wurde der Verein \u201eMiteinander &#8211; F\u00fcreinander Oberes Fuldatal\u201c f\u00fcr ein Modellprojekt des hessischen Sozialministeriums ausgew\u00e4hlt, in das die Hochschule Fulda eingebunden ist. Die Demenzbegleitung sollte nach Auffassung der Arbeitsgruppenmitglieder in einem m\u00f6glichst fr\u00fchen Stadium einsetzen, um einer Selbst\u00fcberforderung und sozialen Isolierung der Angeh\u00f6rigen entgegenzuwirken. An diesem Beispiel w\u00fcrden aber auch die Grenzen ehrenamtlichen Engagements und die Notwendigkeit einer engen Verzahnung mit professioneller Hilfe sp\u00fcrbar.<\/p>\n<p><b>Kontakt<\/b><\/p>\n<p>Miteinander \u2013 F\u00fcreinander Oberes Fuldatal e.V.<\/p>\n<p><span style=\"text-decoration: underline;\">Gemeindeverwaltung Ebersburg<\/span><\/p>\n<p>Schulstra\u00dfe 3<\/p>\n<p>36157 Ebersburg<\/p>\n<p>Telefon (06656)98216<\/p>\n<p>Mo. + Fr. 8.00-12.00 Uhr<\/p>\n<p><span style=\"text-decoration: underline;\">B\u00fcro Gersfeld<\/span><\/p>\n<p>Marktplatz 3<\/p>\n<p>36129 Gersfeld<\/p>\n<p>Telefon (06654)9175090<\/p>\n<p>Mo-Fr. 8.00-12.00 Uhr und Mo. 14.00-16.00 Uhr<\/p>\n<p>E-Mail info@mit-und-fuer.de<\/p>\n","protected":false},"excerpt":{"rendered":"<div class=\"tmnf_excerpt\"><p>Fulda. Um die soziale Infrastruktur im l\u00e4ndlichen Raum vor dem Hintergrund des demografischen Wandels auf Dauer aufrecht zu erhalten, ist eine St\u00e4rkung b\u00fcrgerschaftlichen Engagements erforderlich. Mit dieser Zielsetzung haben sich in verschiedenen kreisangeh\u00f6rigen St\u00e4dten und Gemeinden Vereine gegr\u00fcndet, die der Landkreis Fulda sowohl ideell als auch bei konkreten Aktivit\u00e4ten als Ansprechpartner unterst\u00fctzt. Sie \u00fcbernehmen Aufgaben, &hellip;<\/p>\n<\/div>","protected":false},"author":1,"featured_media":0,"comment_status":"closed","ping_status":"closed","sticky":false,"template":"","format":"standard","meta":{"footnotes":""},"categories":[1,72],"tags":[],"class_list":["post-117822","post","type-post","status-publish","format-standard","hentry","category-startseite","category-jugend"],"_links":{"self":[{"href":"https:\/\/www.fuldaernachrichten.de\/index.php?rest_route=\/wp\/v2\/posts\/117822","targetHints":{"allow":["GET"]}}],"collection":[{"href":"https:\/\/www.fuldaernachrichten.de\/index.php?rest_route=\/wp\/v2\/posts"}],"about":[{"href":"https:\/\/www.fuldaernachrichten.de\/index.php?rest_route=\/wp\/v2\/types\/post"}],"author":[{"embeddable":true,"href":"https:\/\/www.fuldaernachrichten.de\/index.php?rest_route=\/wp\/v2\/users\/1"}],"replies":[{"embeddable":true,"href":"https:\/\/www.fuldaernachrichten.de\/index.php?rest_route=%2Fwp%2Fv2%2Fcomments&post=117822"}],"version-history":[{"count":1,"href":"https:\/\/www.fuldaernachrichten.de\/index.php?rest_route=\/wp\/v2\/posts\/117822\/revisions"}],"predecessor-version":[{"id":117823,"href":"https:\/\/www.fuldaernachrichten.de\/index.php?rest_route=\/wp\/v2\/posts\/117822\/revisions\/117823"}],"wp:attachment":[{"href":"https:\/\/www.fuldaernachrichten.de\/index.php?rest_route=%2Fwp%2Fv2%2Fmedia&parent=117822"}],"wp:term":[{"taxonomy":"category","embeddable":true,"href":"https:\/\/www.fuldaernachrichten.de\/index.php?rest_route=%2Fwp%2Fv2%2Fcategories&post=117822"},{"taxonomy":"post_tag","embeddable":true,"href":"https:\/\/www.fuldaernachrichten.de\/index.php?rest_route=%2Fwp%2Fv2%2Ftags&post=117822"}],"curies":[{"name":"wp","href":"https:\/\/api.w.org\/{rel}","templated":true}]}}