{"id":117819,"date":"2013-12-12T00:13:23","date_gmt":"2013-12-12T00:13:23","guid":{"rendered":"http:\/\/www.fuldaer-nachrichten.de\/?p=117819"},"modified":"2013-12-11T16:49:41","modified_gmt":"2013-12-11T16:49:41","slug":"landkreis-fulda-mit-tischtennis-mannschaft-bei-betriebssportrunde-vertreten","status":"publish","type":"post","link":"https:\/\/www.fuldaernachrichten.de\/?p=117819","title":{"rendered":"Landkreis Fulda mit Tischtennis-Mannschaft bei Betriebssportrunde vertreten"},"content":{"rendered":"<p><a href=\"http:\/\/www.fuldaer-nachrichten.de\/wp-content\/uploads\/2013\/12\/547-Tischtennisspieler.jpg\"><img fetchpriority=\"high\" decoding=\"async\" class=\"alignleft size-thumbnail wp-image-117820\" alt=\"547-Tischtennisspieler\" src=\"http:\/\/www.fuldaer-nachrichten.de\/wp-content\/uploads\/2013\/12\/547-Tischtennisspieler-265x198.jpg\" width=\"265\" height=\"198\" srcset=\"https:\/\/www.fuldaernachrichten.de\/wp-content\/uploads\/2013\/12\/547-Tischtennisspieler-265x198.jpg 265w, https:\/\/www.fuldaernachrichten.de\/wp-content\/uploads\/2013\/12\/547-Tischtennisspieler.jpg 600w\" sizes=\"(max-width: 265px) 100vw, 265px\" \/><\/a>Fulda. Erstmals beteiligt sich der Landkreis Fulda mit einer eigenen Mannschaft an der Tischtennis-Betriebssportrunde. Dem Team geh\u00f6ren von links Markus Dostal (Jugendamt), Stefan Trabert (Schulverwaltung), Thomas Wagner (Personalamt) und Carlo Gutmann (Kreisjobcenter) an. Auf dem Bild fehlen Markus Vogt und Michael Glozbach (beide Kreisjobcenter) sowie J\u00fcrgen Obermeier (Geb\u00e4udemanagement). Die Heimspiele werden in der H\u00fcnfelder Kreissporthalle ausgetragen. Nach der Vorrunde liegen die Tischtennisspieler der Kreisverwaltung, die im normalen Spielbetrieb unter anderem f\u00fcr den FV Horas, den H\u00fcnfelder SV und den TTF Niederbieber an den Start gehen, auf Platz eins der Tabelle.<\/p>\n","protected":false},"excerpt":{"rendered":"<div class=\"tmnf_excerpt\"><p>Fulda. Erstmals beteiligt sich der Landkreis Fulda mit einer eigenen Mannschaft an der Tischtennis-Betriebssportrunde. Dem Team geh\u00f6ren von links Markus Dostal (Jugendamt), Stefan Trabert (Schulverwaltung), Thomas Wagner (Personalamt) und Carlo Gutmann (Kreisjobcenter) an. Auf dem Bild fehlen Markus Vogt und Michael Glozbach (beide Kreisjobcenter) sowie J\u00fcrgen Obermeier (Geb\u00e4udemanagement). Die Heimspiele werden in der H\u00fcnfelder Kreissporthalle &hellip;<\/p>\n<\/div>","protected":false},"author":1,"featured_media":0,"comment_status":"closed","ping_status":"closed","sticky":false,"template":"","format":"standard","meta":{"footnotes":""},"categories":[1,46],"tags":[],"class_list":["post-117819","post","type-post","status-publish","format-standard","hentry","category-startseite","category-sport"],"_links":{"self":[{"href":"https:\/\/www.fuldaernachrichten.de\/index.php?rest_route=\/wp\/v2\/posts\/117819","targetHints":{"allow":["GET"]}}],"collection":[{"href":"https:\/\/www.fuldaernachrichten.de\/index.php?rest_route=\/wp\/v2\/posts"}],"about":[{"href":"https:\/\/www.fuldaernachrichten.de\/index.php?rest_route=\/wp\/v2\/types\/post"}],"author":[{"embeddable":true,"href":"https:\/\/www.fuldaernachrichten.de\/index.php?rest_route=\/wp\/v2\/users\/1"}],"replies":[{"embeddable":true,"href":"https:\/\/www.fuldaernachrichten.de\/index.php?rest_route=%2Fwp%2Fv2%2Fcomments&post=117819"}],"version-history":[{"count":1,"href":"https:\/\/www.fuldaernachrichten.de\/index.php?rest_route=\/wp\/v2\/posts\/117819\/revisions"}],"predecessor-version":[{"id":117821,"href":"https:\/\/www.fuldaernachrichten.de\/index.php?rest_route=\/wp\/v2\/posts\/117819\/revisions\/117821"}],"wp:attachment":[{"href":"https:\/\/www.fuldaernachrichten.de\/index.php?rest_route=%2Fwp%2Fv2%2Fmedia&parent=117819"}],"wp:term":[{"taxonomy":"category","embeddable":true,"href":"https:\/\/www.fuldaernachrichten.de\/index.php?rest_route=%2Fwp%2Fv2%2Fcategories&post=117819"},{"taxonomy":"post_tag","embeddable":true,"href":"https:\/\/www.fuldaernachrichten.de\/index.php?rest_route=%2Fwp%2Fv2%2Ftags&post=117819"}],"curies":[{"name":"wp","href":"https:\/\/api.w.org\/{rel}","templated":true}]}}