{"id":117807,"date":"2013-12-11T07:27:23","date_gmt":"2013-12-11T07:27:23","guid":{"rendered":"http:\/\/www.fuldaer-nachrichten.de\/?p=117807"},"modified":"2013-12-11T07:27:23","modified_gmt":"2013-12-11T07:27:23","slug":"tagtraeumer-erste-ausstellung-der-kuenstlerin-annika-heller-in-der-galerie-treffpunkt-via-regia","status":"publish","type":"post","link":"https:\/\/www.fuldaernachrichten.de\/?p=117807","title":{"rendered":"TAGTR\u00c4UMER &#8211; Erste Ausstellung der K\u00fcnstlerin Annika Heller in der Galerie Treffpunkt VIA REGIA"},"content":{"rendered":"<div id=\"attachment_117808\" style=\"width: 275px\" class=\"wp-caption alignleft\"><a href=\"http:\/\/www.fuldaer-nachrichten.de\/wp-content\/uploads\/2013\/12\/003-Heller-Annika-TAGTR\u00c4U-071213-wim.jpg\"><img decoding=\"async\" aria-describedby=\"caption-attachment-117808\" class=\"size-thumbnail wp-image-117808\" alt=\"Die K\u00fcnstlerin Annika Heller (links) mit zwei ihrer Werke und der Bildergeschichte in Begleitung der Galerie \u2013 Hausherrin Petra Stark (rechts) \/ Foto: Winfried M\u00f6ller\" src=\"http:\/\/www.fuldaer-nachrichten.de\/wp-content\/uploads\/2013\/12\/003-Heller-Annika-TAGTR\u00c4U-071213-wim-265x159.jpg\" width=\"265\" height=\"159\" \/><\/a><p id=\"caption-attachment-117808\" class=\"wp-caption-text\">Die K\u00fcnstlerin Annika Heller (links) mit zwei ihrer Werke und der Bildergeschichte in Begleitung der Galerie \u2013 Hausherrin Petra Stark (rechts) \/ Foto: Winfried M\u00f6ller<\/p><\/div>\n<p>Rasdorf. \u201eTAGTR\u00c4UMER\u201c, so lautet der Titel der Kunstwerke von Annika Heller (21), die in einer Vernissage in der Galerie Treffpunkt VIA REGIA in Rasdorf der \u00d6ffentlichkeit vorgestellt wurden. Die dreizehn Bilder haben schlagwortartige Titel, wie \u201eDie Dame oder Der Herr\u201c. Die Tuscheillustrationen und Acrylmalereien sollten die Fantasie der Betrachter anregen sowie Raum zur Interpretation lassen und zum Tr\u00e4umen verleiten, so die junge K\u00fcnstlerin. Es sei ihre erste eigene Ausstellung und exklusiv dazu habe sie die Bildergeschichte \u201eEmil (10), Weltentdecker\u201c in einer limitierten Auflage von 15 Exemplaren ver\u00f6ffentlicht, die zum Preis von f\u00fcnf Euro erworben werden konnte.<!--more--><\/p>\n<p>Annika Heller stammt aus H\u00fcnfeld mit Wurzeln m\u00fctterlicherseits in Rasdorf. Bereits mit 15 Jahren wurde sie Sch\u00fclerin von J\u00fcrgen Blum in der Freien Kunstakademie des Museums Modern Art, H\u00fcnfeld. Nach dem Abitur an der Wigbertschule in H\u00fcnfeld hat sie ein Studium in Kommunikationsdesign an der Hochschule f\u00fcr Bildende K\u00fcnste in Braunschweig aufgenommen, wo sie sich mit dem Schwerpunkt Illustration und Trickfilm befasst. Ludwig Stark, gemeinsam mit seiner Frau Petra Hausherr der Galerie in Rasdorf betonte, dass er erfreut sei, eine so junge K\u00fcnstlerin aus der heimischen Region engagiert zu haben. Er wolle deren K\u00f6nnen und Engagement w\u00fcrdigen und deren Auftritt in der \u00d6ffentlichkeit unterst\u00fctzen. Sie schlage mit ihren Werken eine Br\u00fccke aus dem Alltag in die Fantasiewelt. Deshalb halte er die Ausstellung, die in der Landstra\u00dfe 9 in Rasdorf zu sehen sei, besonders f\u00fcr junge Menschen f\u00fcr geeignet. Geplant habe Annika Heller zum Ende der Ausstellung einen selbstproduzierten Trickfilm vorzuf\u00fchren.<\/p>\n<p>Bei einem Imbiss und Getr\u00e4nken, die von der Fleischerei Christoph Budenz, der B\u00e4ckerei Pappert und dem Hausherr Familie Ludwig und Petra Stark gesponsert worden waren, fand ein reger Austausch zwischen Besuchern und der K\u00fcnstlerin \u00fcber ihre Techniken und Ideen statt. Die Kunstwerke, die k\u00e4uflich erworben werden k\u00f6nnen sind bis zum 31.03.2014, Sonntag bis Freitag von 9 bis 17 Uhr und Samstag von 9 bis 16 Uhr zu sehen. Weiter Informationen \u00fcber Annika Heller und ihre Arbeiten sind im Internet unter www.annikahellerportofolio.tumblr.com oder <a href=\"mailto:heller_annika@yahoo.de\">heller_annika@yahoo.de<\/a> zu finden.<\/p>\n","protected":false},"excerpt":{"rendered":"<div class=\"tmnf_excerpt\"><p>Rasdorf. \u201eTAGTR\u00c4UMER\u201c, so lautet der Titel der Kunstwerke von Annika Heller (21), die in einer Vernissage in der Galerie Treffpunkt VIA REGIA in Rasdorf der \u00d6ffentlichkeit vorgestellt wurden. Die dreizehn Bilder haben schlagwortartige Titel, wie \u201eDie Dame oder Der Herr\u201c. Die Tuscheillustrationen und Acrylmalereien sollten die Fantasie der Betrachter anregen sowie Raum zur Interpretation lassen &hellip;<\/p>\n<\/div>","protected":false},"author":1,"featured_media":0,"comment_status":"closed","ping_status":"closed","sticky":false,"template":"","format":"standard","meta":{"footnotes":""},"categories":[1,44],"tags":[],"class_list":["post-117807","post","type-post","status-publish","format-standard","hentry","category-startseite","category-kultur"],"_links":{"self":[{"href":"https:\/\/www.fuldaernachrichten.de\/index.php?rest_route=\/wp\/v2\/posts\/117807","targetHints":{"allow":["GET"]}}],"collection":[{"href":"https:\/\/www.fuldaernachrichten.de\/index.php?rest_route=\/wp\/v2\/posts"}],"about":[{"href":"https:\/\/www.fuldaernachrichten.de\/index.php?rest_route=\/wp\/v2\/types\/post"}],"author":[{"embeddable":true,"href":"https:\/\/www.fuldaernachrichten.de\/index.php?rest_route=\/wp\/v2\/users\/1"}],"replies":[{"embeddable":true,"href":"https:\/\/www.fuldaernachrichten.de\/index.php?rest_route=%2Fwp%2Fv2%2Fcomments&post=117807"}],"version-history":[{"count":1,"href":"https:\/\/www.fuldaernachrichten.de\/index.php?rest_route=\/wp\/v2\/posts\/117807\/revisions"}],"predecessor-version":[{"id":117809,"href":"https:\/\/www.fuldaernachrichten.de\/index.php?rest_route=\/wp\/v2\/posts\/117807\/revisions\/117809"}],"wp:attachment":[{"href":"https:\/\/www.fuldaernachrichten.de\/index.php?rest_route=%2Fwp%2Fv2%2Fmedia&parent=117807"}],"wp:term":[{"taxonomy":"category","embeddable":true,"href":"https:\/\/www.fuldaernachrichten.de\/index.php?rest_route=%2Fwp%2Fv2%2Fcategories&post=117807"},{"taxonomy":"post_tag","embeddable":true,"href":"https:\/\/www.fuldaernachrichten.de\/index.php?rest_route=%2Fwp%2Fv2%2Ftags&post=117807"}],"curies":[{"name":"wp","href":"https:\/\/api.w.org\/{rel}","templated":true}]}}