{"id":117802,"date":"2013-12-11T00:22:47","date_gmt":"2013-12-11T00:22:47","guid":{"rendered":"http:\/\/www.fuldaer-nachrichten.de\/?p=117802"},"modified":"2013-12-11T07:23:41","modified_gmt":"2013-12-11T07:23:41","slug":"zukunftsweisender-weg-dioezesanfuehrerwahl-und-neue-buendnisse","status":"publish","type":"post","link":"https:\/\/www.fuldaernachrichten.de\/?p=117802","title":{"rendered":"Zukunftsweisender Weg: Di\u00f6zesanf\u00fchrerwahl und neue B\u00fcndnisse"},"content":{"rendered":"<p><a href=\"http:\/\/www.fuldaer-nachrichten.de\/wp-content\/uploads\/2013\/12\/Mitarbeiterb\u00fcndnis.jpg\"><img fetchpriority=\"high\" decoding=\"async\" class=\"alignleft size-thumbnail wp-image-117803\" alt=\"Mitarbeiterb\u00fcndnis\" src=\"http:\/\/www.fuldaer-nachrichten.de\/wp-content\/uploads\/2013\/12\/Mitarbeiterb\u00fcndnis-265x198.jpg\" width=\"265\" height=\"198\" \/><\/a>Fulda. Die Sch\u00f6nstatt-Mannesjugend im Bistum Fulda (SMJ) w\u00e4hlte am vergangenen Wochenende im Rahmen der B\u00fcndniskreistagung ihre Di\u00f6zesanleitung. Der amtierende Di\u00f6zesanf\u00fchrer Steffen B\u00fcdel und sein Stellvertreter Christoph Schopp wurden f\u00fcr zwei weitere Jahre im Amt best\u00e4tigt. Zuvor hatten 16 junge M\u00e4nner ihr Engagement in der SMJ durch Mitarbeiter- und Mitgliederb\u00fcndnisse bekr\u00e4ftigt.<!--more--><\/p>\n<p>Der Samstag stand unter der Vorbereitung auf die B\u00fcndnismesse, die am Abend stattfinden sollte. Pfarrer Ulrich Sch\u00e4fer, der Standesleiter der SMJ-Fulda erl\u00e4uterte in seinem Vortrag \u00c2\u00a0zum Thema \u201eGeistliches Leben\u201c, wie jeder Einzelne sein spirituelles Leben pflegen kann und mit welchen Hilfsmitteln diese Lebensf\u00fchrung einfacher zu gestalten ist. Rund 30 Teilnehmer, Jugendliche und junge M\u00e4nner zwischen 14 und 30 Jahren, waren zu dem Wochenende ins Sch\u00f6nstattzentrum Dietershausen gekommen. Sie geh\u00f6ren derzeit f\u00fcnf Kreisen mit etwa Gleichaltrigen an, die sich in regelm\u00e4\u00dfigen Treffen mit ihrem Glauben, der Sch\u00f6nstatt-Bewegung und der Bedeutung f\u00fcr ihr Leben besch\u00e4ftigen.<\/p>\n<p>Am Abend schlossen in einem feierlichen B\u00fcndnisgottesdienst elf junge M\u00e4nner das Mitarbeiterb\u00fcndnis und f\u00fcnf das darauf aufbauende Mitgliederb\u00fcndnis. Damit bekunden sie f\u00fcr sich selbst und nach au\u00dfen hin eine st\u00e4rkere Vertiefung der Gemeinschaft und die \u00dcbernahme von Verantwortung f\u00fcr die SMJ. Eine Folgerung daraus ist die mit dem Mitarbeiterb\u00fcndnis einhergehende Berechtigung zur Wahl der Di\u00f6zesanf\u00fchrung. Diese fand im Anschluss an den Gottesdienst statt, sodass mit den neuen insgesamt 22 Wahlberechtigte teilgenommen haben.<\/p>\n<p>Vor wenigen Jahren noch gab es bei den Di\u00f6zesanf\u00fchrerwahlen meist nur einer Handvoll Wahlberechtigte, die das Mitarbeiterb\u00fcndnis geschlossen hatten.\u00c2\u00a0 \u00dcber die steigende Zahl von engagierten Mitarbeitern freut sich der wiedergew\u00e4hlte Di\u00f6zesanf\u00fchrer Steffen B\u00fcdel: \u201cIn den letzten Jahren haben sich aus den Kreisen heraus Viele zu Mitarbeiter- und Mitgliederb\u00fcndnissen entschlossen. Das bedeutet nat\u00fcrlich auch viele Mitwirker, die sich entschlossen haben, sich f\u00fcr die Zukunft der SMJ einzubringen und unsere Jugendarbeit aktiv mitzugestalten.\u00e2\u20ac\u009d<\/p>\n<p>Zum Programm der SMJ-Fulda geh\u00f6ren unter anderem das j\u00e4hrliche Zeltlager und mehrere Gemeinschaftswochenenden f\u00fcr 9- bis 13-j\u00e4hrige, sowie in Zusammenarbeit mit anderen Jugendgemeinschaften das j\u00e4hrliche Fest des Glaubens und Glaubenskurs-Wochenenden. \u00dcber einen eigenen Online-Shop werden Produkte mit einem JESUS-Logo, dessen Bedeutung erst auf den zweiten Blick ersichtlich wird, angeboten. Derzeit kommen auf zahlreichen Mobiltelefonen in ganz Deutschland per SMS-Adventskalender t\u00e4glich kleine Botschaften.<\/p>\n<p>Das gr\u00f6\u00dfte Projekt derzeit ist die Aktion 2014 zum hundertj\u00e4hrigen Jubil\u00e4um der Sch\u00f6nstatt-Bewegung im kommenden Jahr, bei der sich Mitglieder der SMJ-Fulda \u00fcber das normale Engagement hinaus gehend f\u00fcr gute Zwecke engagieren und zusammen 2014 Stunden sammeln wollen.<\/p>\n<p>Weitere Informationen zur Arbeit der Sch\u00f6nstatt-Mannesjugend im Bistum Fulda: http:\/\/smj-fulda.org<\/p>\n","protected":false},"excerpt":{"rendered":"<div class=\"tmnf_excerpt\"><p>Fulda. Die Sch\u00f6nstatt-Mannesjugend im Bistum Fulda (SMJ) w\u00e4hlte am vergangenen Wochenende im Rahmen der B\u00fcndniskreistagung ihre Di\u00f6zesanleitung. Der amtierende Di\u00f6zesanf\u00fchrer Steffen B\u00fcdel und sein Stellvertreter Christoph Schopp wurden f\u00fcr zwei weitere Jahre im Amt best\u00e4tigt. Zuvor hatten 16 junge M\u00e4nner ihr Engagement in der SMJ durch Mitarbeiter- und Mitgliederb\u00fcndnisse bekr\u00e4ftigt.<\/p>\n<\/div>","protected":false},"author":1,"featured_media":0,"comment_status":"closed","ping_status":"closed","sticky":false,"template":"","format":"standard","meta":{"footnotes":""},"categories":[1,50],"tags":[],"class_list":["post-117802","post","type-post","status-publish","format-standard","hentry","category-startseite","category-kirche"],"_links":{"self":[{"href":"https:\/\/www.fuldaernachrichten.de\/index.php?rest_route=\/wp\/v2\/posts\/117802","targetHints":{"allow":["GET"]}}],"collection":[{"href":"https:\/\/www.fuldaernachrichten.de\/index.php?rest_route=\/wp\/v2\/posts"}],"about":[{"href":"https:\/\/www.fuldaernachrichten.de\/index.php?rest_route=\/wp\/v2\/types\/post"}],"author":[{"embeddable":true,"href":"https:\/\/www.fuldaernachrichten.de\/index.php?rest_route=\/wp\/v2\/users\/1"}],"replies":[{"embeddable":true,"href":"https:\/\/www.fuldaernachrichten.de\/index.php?rest_route=%2Fwp%2Fv2%2Fcomments&post=117802"}],"version-history":[{"count":1,"href":"https:\/\/www.fuldaernachrichten.de\/index.php?rest_route=\/wp\/v2\/posts\/117802\/revisions"}],"predecessor-version":[{"id":117804,"href":"https:\/\/www.fuldaernachrichten.de\/index.php?rest_route=\/wp\/v2\/posts\/117802\/revisions\/117804"}],"wp:attachment":[{"href":"https:\/\/www.fuldaernachrichten.de\/index.php?rest_route=%2Fwp%2Fv2%2Fmedia&parent=117802"}],"wp:term":[{"taxonomy":"category","embeddable":true,"href":"https:\/\/www.fuldaernachrichten.de\/index.php?rest_route=%2Fwp%2Fv2%2Fcategories&post=117802"},{"taxonomy":"post_tag","embeddable":true,"href":"https:\/\/www.fuldaernachrichten.de\/index.php?rest_route=%2Fwp%2Fv2%2Ftags&post=117802"}],"curies":[{"name":"wp","href":"https:\/\/api.w.org\/{rel}","templated":true}]}}