{"id":117790,"date":"2013-12-11T07:17:35","date_gmt":"2013-12-11T07:17:35","guid":{"rendered":"http:\/\/www.fuldaer-nachrichten.de\/?p=117790"},"modified":"2013-12-11T07:17:35","modified_gmt":"2013-12-11T07:17:35","slug":"dihk-praesident-schweitzer-und-eu-kommissar-oettinger-zeichnen-super-azubis-2013-aus","status":"publish","type":"post","link":"https:\/\/www.fuldaernachrichten.de\/?p=117790","title":{"rendered":"DIHK-Pr\u00e4sident Schweitzer und EU-Kommissar Oettinger zeichnen Super-Azubis 2013 aus"},"content":{"rendered":"<p>Fulda. Die bundesbesten IHK-Azubis des aktuellen Pr\u00fcfungsjahrgangs wurden am 9. Dezember von DIHK-Pr\u00e4sident Eric Schweitzer und dem EU-Kommissar f\u00fcr Energie, G\u00fcnther Oettinger, ausgezeichnet &#8211; darunter der Informations- und Telekommunikationssystem-Kaufmann Lukas Fink (Foto re.), der bei der Computer-L.A.N. GmbH ausgebildet wurde, und Ralf G\u00f6mpel (Foto li.). Der Buchbinder, Fachrichtung Buchfertigung, absolvierte seine Lehre bei der Parzeller print &amp; media GmbH &amp; Co. KG.<!--more--><\/p>\n<p>\u201eSie haben eine phantastische Leistung vollbracht. Sie sind die besten Azubis 2013 in Ihrem Beruf \u2013 nicht nur in Ihrer Region, nicht nur in Ihrem Bundesland, sondern in ganz Deutschland. Und das bei mehr als 330.000 Teilnehmern an den IHK-Abschlusspr\u00fcfungen\u201c, gratulierte Schweitzer den Preistr\u00e4gern in seiner Begr\u00fc\u00dfungsrede:<\/p>\n<p>Der DIHK-Pr\u00e4sident bedankte sich bei Ausbildungsbetrieben, Eltern und Berufsschullehrern, ohne deren Engagement der Erfolg der Besten nicht m\u00f6glich gewesen w\u00e4re. In seiner Rede warnte Schweitzer vor dem anhaltenden Trend zum Studium: \u201eJahrelang haben wir unter dem Druck der OECD alles daf\u00fcr getan, unsere Akademikerquote zu erh\u00f6hen. Inzwischen platzen unsere H\u00f6rs\u00e4le aus allen N\u00e4hten, w\u00e4hrend Unternehmen \u00fcberall im Land h\u00e4nderingend um Azubis werben. Unserem Wirtschaftsstandort droht damit Schaden. Denn Innovationskraft und Wettbewerbsf\u00e4higkeit Deutschlands h\u00e4ngen in hohem Ma\u00dfe von unserer dualen Ausbildung ab.\u201c<\/p>\n<p><a href=\"http:\/\/www.fuldaer-nachrichten.de\/wp-content\/uploads\/2013\/12\/38-2013-Bundesbeste-Azubis-Fink.jpg\"><img fetchpriority=\"high\" decoding=\"async\" class=\"alignnone size-thumbnail wp-image-117792\" alt=\"38-2013 Bundesbeste Azubis Fink\" src=\"http:\/\/www.fuldaer-nachrichten.de\/wp-content\/uploads\/2013\/12\/38-2013-Bundesbeste-Azubis-Fink-265x357.jpg\" width=\"265\" height=\"357\" srcset=\"https:\/\/www.fuldaernachrichten.de\/wp-content\/uploads\/2013\/12\/38-2013-Bundesbeste-Azubis-Fink-265x357.jpg 265w, https:\/\/www.fuldaernachrichten.de\/wp-content\/uploads\/2013\/12\/38-2013-Bundesbeste-Azubis-Fink-196x265.jpg 196w, https:\/\/www.fuldaernachrichten.de\/wp-content\/uploads\/2013\/12\/38-2013-Bundesbeste-Azubis-Fink-445x600.jpg 445w, https:\/\/www.fuldaernachrichten.de\/wp-content\/uploads\/2013\/12\/38-2013-Bundesbeste-Azubis-Fink.jpg 472w\" sizes=\"(max-width: 265px) 100vw, 265px\" \/><\/a> <a href=\"http:\/\/www.fuldaer-nachrichten.de\/wp-content\/uploads\/2013\/12\/38-2013-Bundesbeste-Azubis-Goempel.jpg\"><img decoding=\"async\" class=\"alignleft size-thumbnail wp-image-117791\" alt=\"38-2013 Bundesbeste Azubis Goempel\" src=\"http:\/\/www.fuldaer-nachrichten.de\/wp-content\/uploads\/2013\/12\/38-2013-Bundesbeste-Azubis-Goempel-265x367.jpg\" width=\"259\" height=\"354\" \/><\/a><\/p>\n<p>Viele IHK-Ausbildungen, so Schweitzer weiter, k\u00f6nnten mit Hochschulausbildungen anderer L\u00e4nder ohne weiteres mithalten und h\u00e4tten mit ihrer Praxisn\u00e4he einen entscheidenden Vorteil. Eine breite Palette spannender Berufe b\u00f6te Karrierechancen f\u00fcr Hauptsch\u00fcler, Realsch\u00fcler und Abiturienten gleicherma\u00dfen. Hohe Akademikerquoten hingegen seien noch kein Garant f\u00fcr eine florierende Wirtschaft und eine niedrige Jugendarbeitslosigkeit, wie das Beispiel der s\u00fcdeurop\u00e4ischen Krisenl\u00e4nder zeige.<\/p>\n<p>Insgesamt gab es in diesem Jahr 224 Bundesbeste in 217 verschiedenen Berufen. F\u00fcnfmal teilten sich zwei Beste den Titel des Champions, und bei den Industriekaufleuten gab es sogar drei Beste mit exakt der gleichen Punktezahl in der Abschlusspr\u00fcfung. Das Bundesland mit den meisten Besten (50) war Nordrhein-Westfalen, gefolgt von Bayern mit 36 und Baden-W\u00fcrttemberg mit 26 Besten. Unter den Preistr\u00e4gern befanden sich 92 Frauen und 132 M\u00e4nner. Entertainerin Barbara Sch\u00f6neberger f\u00fchrte mit Humor und Schlagfertigkeit durch die Veranstaltung, die live im Internet \u00fcbertragen wurde.<\/p>\n<p>Rund 1000 G\u00e4ste nahmen an der Veranstaltung teil \u2013 neben den Eltern der Besten auch Vertreter der Ausbildungsbetriebe, Berufsschullehrer, Bundestagsabgeordnete sowie Pr\u00e4sidenten und Hauptgesch\u00e4ftsf\u00fchrer der Industrie- und Handelskammern. Die Top-Azubis aus Fulda wurden begleitet von Esmail Akbari, Gesch\u00e4ftsf\u00fchrer von Computer-L.A.N., Michael Schmitt, Gesch\u00e4ftsf\u00fchrer Parzeller print &amp; Media, und IHK-Hauptgesch\u00e4ftsf\u00fchrer Stefan Schunck. Ein besonderes Bonbon war die Einladung des Fuldaer Bundestagsabgeordneten Michael Brand an die Delegation, den Reichstag zu besuchen.<\/p>\n<p>\u201eMein Ausbildungsbetrieb hat mich sehr unterst\u00fctzt. Wir durften auch an vielen Seminaren teilnehmen. Das hat mir geholfen\u201c, nennt Lukas Fink einen Grund f\u00fcr sein gutes Abschneiden. F\u00fcr Ralf G\u00f6mpel ist die Ausbildung an einer hochmodernen Anlage ein wichtiger Erfolgsfaktor. Aber eine erfolgreiche Pr\u00fcfungsvorbereitung und das Qu\u00e4ntchen Gl\u00fcck geh\u00f6rten ebenfalls dazu, ist der Buchbinder \u00fcberzeugt.<\/p>\n","protected":false},"excerpt":{"rendered":"<div class=\"tmnf_excerpt\"><p>Fulda. Die bundesbesten IHK-Azubis des aktuellen Pr\u00fcfungsjahrgangs wurden am 9. Dezember von DIHK-Pr\u00e4sident Eric Schweitzer und dem EU-Kommissar f\u00fcr Energie, G\u00fcnther Oettinger, ausgezeichnet &#8211; darunter der Informations- und Telekommunikationssystem-Kaufmann Lukas Fink (Foto re.), der bei der Computer-L.A.N. GmbH ausgebildet wurde, und Ralf G\u00f6mpel (Foto li.). Der Buchbinder, Fachrichtung Buchfertigung, absolvierte seine Lehre bei der Parzeller &hellip;<\/p>\n<\/div>","protected":false},"author":1,"featured_media":0,"comment_status":"closed","ping_status":"closed","sticky":false,"template":"","format":"standard","meta":{"footnotes":""},"categories":[1,53],"tags":[],"class_list":["post-117790","post","type-post","status-publish","format-standard","hentry","category-startseite","category-bildung"],"_links":{"self":[{"href":"https:\/\/www.fuldaernachrichten.de\/index.php?rest_route=\/wp\/v2\/posts\/117790","targetHints":{"allow":["GET"]}}],"collection":[{"href":"https:\/\/www.fuldaernachrichten.de\/index.php?rest_route=\/wp\/v2\/posts"}],"about":[{"href":"https:\/\/www.fuldaernachrichten.de\/index.php?rest_route=\/wp\/v2\/types\/post"}],"author":[{"embeddable":true,"href":"https:\/\/www.fuldaernachrichten.de\/index.php?rest_route=\/wp\/v2\/users\/1"}],"replies":[{"embeddable":true,"href":"https:\/\/www.fuldaernachrichten.de\/index.php?rest_route=%2Fwp%2Fv2%2Fcomments&post=117790"}],"version-history":[{"count":1,"href":"https:\/\/www.fuldaernachrichten.de\/index.php?rest_route=\/wp\/v2\/posts\/117790\/revisions"}],"predecessor-version":[{"id":117793,"href":"https:\/\/www.fuldaernachrichten.de\/index.php?rest_route=\/wp\/v2\/posts\/117790\/revisions\/117793"}],"wp:attachment":[{"href":"https:\/\/www.fuldaernachrichten.de\/index.php?rest_route=%2Fwp%2Fv2%2Fmedia&parent=117790"}],"wp:term":[{"taxonomy":"category","embeddable":true,"href":"https:\/\/www.fuldaernachrichten.de\/index.php?rest_route=%2Fwp%2Fv2%2Fcategories&post=117790"},{"taxonomy":"post_tag","embeddable":true,"href":"https:\/\/www.fuldaernachrichten.de\/index.php?rest_route=%2Fwp%2Fv2%2Ftags&post=117790"}],"curies":[{"name":"wp","href":"https:\/\/api.w.org\/{rel}","templated":true}]}}