{"id":117788,"date":"2013-12-11T07:14:12","date_gmt":"2013-12-11T07:14:12","guid":{"rendered":"http:\/\/www.fuldaer-nachrichten.de\/?p=117788"},"modified":"2013-12-11T07:14:12","modified_gmt":"2013-12-11T07:14:12","slug":"neue-raeume-neue-technik-der-offene-kanal-zieht-in-die-bahnhofstrasse","status":"publish","type":"post","link":"https:\/\/www.fuldaernachrichten.de\/?p=117788","title":{"rendered":"Neue R\u00e4ume, neue Technik: Der Offene Kanal zieht in die Bahnhofstra\u00dfe"},"content":{"rendered":"<p>Fulda. Neue R\u00e4ume, neue Technik und ein Ausblick, der beeindruckt: So pr\u00e4sentiert sich das Medienprojektzentrum Offener Kanal (MOK) Fulda nach seinem Umzug vom Telekomgeb\u00e4ude Unterm Heilig Kreuz in die Bahnhofstr. 26 im Centhof.\u00c2\u00a0 Eigentlich begann alles mit einem Schrecken, als 2012 das Telekomgeb\u00e4ude verkauft wurde und schnell klar war, dass dies das Ende f\u00fcr den alten Standort des Fuldaer B\u00fcrgerfernsehens bedeutete. Geeignete R\u00e4ume f\u00fcr einen kleinen Fernsehsender sind nicht leicht zu finden. Die Aufteilung muss stimmen, ein Fernsehstudio und R\u00e4ume f\u00fcr Schnitt und Seminare m\u00fcssen vorhanden sein, und nat\u00fcrlich darf es nicht zu teuer werden.<!--more--><\/p>\n<p>Umso gl\u00fccklicher waren die Produzenten und Mitarbeiter des MOK, als sich schon Mitte 2013 im Centhof die ideale Fl\u00e4che fand. Die ehemaligen B\u00fcros der BfA standen seit einigen Jahre leer und konnten mit wenigen Umbauten an ihre neue Nutzung angepasst werden. Im Oktober begannen die Arbeiten, im November war Umzug, seitdem wird einger\u00e4umt und neu verkabelt.<\/p>\n<p>Wenn am 16. Dezember die Etage offiziell er\u00f6ffnet wird, gibt es nicht nur 500 neu gestaltete Quadratmeter Produktionsr\u00e4ume zu bestaunen. Der Umzug wurde auch genutzt, um nach 15 Jahren eine komplett neue Studio- und Sendetechnik anzuschaffen. Damit kann jetzt in besserer Bildqualit\u00e4t und in dem heute \u00fcblichen 16:9 Format produziert und ausgestrahlt werden. Der Wechsel von alter zu neuer Technik wird wahrscheinlich Ende Dezember vollzogen, wenn die Verbindung zum Kabelnetz Fulda gelegt ist.<\/p>\n<p>Seit zwei Wochen sind die B\u00fcros wieder ge\u00f6ffnet. Wer jetzt neugierig geworden ist, kann sich montags und mittwochs von 10 bis 17 und freitags von 13 bis 19 Uhr gerne in der neuen Etage umsehen und sich \u00fcber die Angebote des MOK Fulda informieren. Der Eingang ist von der Bahnhofstra\u00dfe her vor der Glast\u00fcr ins Innere des Centhofs links, Aufgang A, den Offenen Kanal finden Sie in der dritten Etage.<\/p>\n","protected":false},"excerpt":{"rendered":"<div class=\"tmnf_excerpt\"><p>Fulda. Neue R\u00e4ume, neue Technik und ein Ausblick, der beeindruckt: So pr\u00e4sentiert sich das Medienprojektzentrum Offener Kanal (MOK) Fulda nach seinem Umzug vom Telekomgeb\u00e4ude Unterm Heilig Kreuz in die Bahnhofstr. 26 im Centhof.\u00c2\u00a0 Eigentlich begann alles mit einem Schrecken, als 2012 das Telekomgeb\u00e4ude verkauft wurde und schnell klar war, dass dies das Ende f\u00fcr den &hellip;<\/p>\n<\/div>","protected":false},"author":1,"featured_media":0,"comment_status":"closed","ping_status":"closed","sticky":false,"template":"","format":"standard","meta":{"footnotes":""},"categories":[1,44],"tags":[],"class_list":["post-117788","post","type-post","status-publish","format-standard","hentry","category-startseite","category-kultur"],"_links":{"self":[{"href":"https:\/\/www.fuldaernachrichten.de\/index.php?rest_route=\/wp\/v2\/posts\/117788","targetHints":{"allow":["GET"]}}],"collection":[{"href":"https:\/\/www.fuldaernachrichten.de\/index.php?rest_route=\/wp\/v2\/posts"}],"about":[{"href":"https:\/\/www.fuldaernachrichten.de\/index.php?rest_route=\/wp\/v2\/types\/post"}],"author":[{"embeddable":true,"href":"https:\/\/www.fuldaernachrichten.de\/index.php?rest_route=\/wp\/v2\/users\/1"}],"replies":[{"embeddable":true,"href":"https:\/\/www.fuldaernachrichten.de\/index.php?rest_route=%2Fwp%2Fv2%2Fcomments&post=117788"}],"version-history":[{"count":1,"href":"https:\/\/www.fuldaernachrichten.de\/index.php?rest_route=\/wp\/v2\/posts\/117788\/revisions"}],"predecessor-version":[{"id":117789,"href":"https:\/\/www.fuldaernachrichten.de\/index.php?rest_route=\/wp\/v2\/posts\/117788\/revisions\/117789"}],"wp:attachment":[{"href":"https:\/\/www.fuldaernachrichten.de\/index.php?rest_route=%2Fwp%2Fv2%2Fmedia&parent=117788"}],"wp:term":[{"taxonomy":"category","embeddable":true,"href":"https:\/\/www.fuldaernachrichten.de\/index.php?rest_route=%2Fwp%2Fv2%2Fcategories&post=117788"},{"taxonomy":"post_tag","embeddable":true,"href":"https:\/\/www.fuldaernachrichten.de\/index.php?rest_route=%2Fwp%2Fv2%2Ftags&post=117788"}],"curies":[{"name":"wp","href":"https:\/\/api.w.org\/{rel}","templated":true}]}}