{"id":117762,"date":"2013-12-11T06:59:21","date_gmt":"2013-12-11T06:59:21","guid":{"rendered":"http:\/\/www.fuldaer-nachrichten.de\/?p=117762"},"modified":"2013-12-11T06:59:21","modified_gmt":"2013-12-11T06:59:21","slug":"1-fuldaer-gitarren-fruehling-vorgestellt","status":"publish","type":"post","link":"https:\/\/www.fuldaernachrichten.de\/?p=117762","title":{"rendered":"1. Fuldaer Gitarren-Fr\u00fchling vorgestellt"},"content":{"rendered":"<p><a href=\"http:\/\/www.fuldaer-nachrichten.de\/wp-content\/uploads\/2013\/12\/DSC_0010.jpg\"><img fetchpriority=\"high\" decoding=\"async\" class=\"alignleft size-thumbnail wp-image-117763\" alt=\"DSC_0010\" src=\"http:\/\/www.fuldaer-nachrichten.de\/wp-content\/uploads\/2013\/12\/DSC_0010-265x399.jpg\" width=\"265\" height=\"399\" srcset=\"https:\/\/www.fuldaernachrichten.de\/wp-content\/uploads\/2013\/12\/DSC_0010-265x399.jpg 265w, https:\/\/www.fuldaernachrichten.de\/wp-content\/uploads\/2013\/12\/DSC_0010-398x600.jpg 398w, https:\/\/www.fuldaernachrichten.de\/wp-content\/uploads\/2013\/12\/DSC_0010.jpg 600w\" sizes=\"(max-width: 265px) 100vw, 265px\" \/><\/a>Fulda (cp). Sch\u00f6ne Kl\u00e4nge des italienischen Konzerts von Bach erf\u00fcllen den Raum. Die Freude \u00fcber den neuen Fl\u00fcgel ist dem Leiter der st\u00e4dtischen Musikschule bereits beim Spielen auf dem neuen Instrument anzusehen. \u201eWir sind der Sparkasse und dem F\u00f6rderverein der Musikschule sehr dankbar, dass sie uns den Erwerb dieses Fl\u00fcgels erm\u00f6glicht haben\u201c, betonte Stibor in Anwesenheit von Oberb\u00fcrgermeister Gerhard M\u00f6ller, dem Vorstandsvorsitzender der Sparkasse Fulda, Alois Fr\u00fcchtl, dem Vorsitzenden des F\u00f6rdervereins der Musikschule, Paul Berb\u00e9e, und dem Leiter des Kulturamts Dr. Thomas Heiler. Im Rahmen dieses Pressetermins wurde auch ein besonderes Veranstaltungshighlight des kommenden Jahres vorgestellt: der 1. Fuldaer Gitarrenfr\u00fchling, der vom 04. bis 06. April 2014 stattfinden wird. \u201eUnsere Musikschule hat ein breitgef\u00e4chertes Programm, eine durchweg gute Resonanz und stabile Sch\u00fclerzahlen \u2013 wir \u00fcberzeugen einfach durch unser Angebot\u201c, hob Kulturdezernent M\u00f6ller hervor.<!--more--><\/p>\n<p><strong>\u00dcbergabe des Fl\u00fcgels<\/strong><\/p>\n<p>Die Musikschule der Stadt war bisher nur im Besitz eines Fl\u00fcgels, der allerdings schon 30 Jahre alt ist. Um noch mehr Sch\u00fclerinnen und Sch\u00fclern das \u201ebesondere Klangverh\u00e4ltnis\u201c eines Konzertfl\u00fcgels \u2013 auch in Vorbereitung auf den Wettbewerb \u201eJugend musiziert\u201c \u2013 zu erm\u00f6glichen, sei laut Stibor ein zweiter Fl\u00fcgel von N\u00f6ten gewesen. Mit Hilfe der finanziellen Unterst\u00fctzung der Sparkasse Fulda, die 9.000 Euro aus den Mitteln des PS-Los-Zweckertrags spendete, und des F\u00f6rdervereins der Musikschule, der 1.000 Euro zur Verf\u00fcgung stellte, konnte der Fl\u00fcgel f\u00fcr einen Betrag von 12.900 Euro erworben werden. Das Instrument ist gebraucht, schon 25 Jahre alt, aber in einem sehr guten Zustand und weist laut dem Leiter der Musikschule \u201eeine erstaunliche Klangf\u00fclle\u201c auf. \u201eDie Qualit\u00e4t der Musikschule zeigt sich nicht zuletzt am Sparkassenwettbewerb \u201eJugend musiziert\u201c, so dass wir als Sparkasse gerne einen finanziellen Zuschuss zum Erwerb des Fl\u00fcgels gegeben haben\u201c, legte Fr\u00fcchtl dar und wies darauf hin, dass er dies als \u201egute Investition in die kulturelle Zukunft und Attraktivit\u00e4t der Region\u201c sehe. Zusammen mit Oberb\u00fcrgermeister Gerhard M\u00f6ller bedankte sich Paul Berb\u00e9e bei der Sparkasse, die schon oft sehr gro\u00dfz\u00fcgig im Bereich der kulturellen Bildung gewesen sei.<\/p>\n<p><strong>1. Fuldaer Gitarren-Fr\u00fchling<\/strong><\/p>\n<p>Im Anschluss an die \u00dcbergabe des Fl\u00fcgels stellten Kulturdezernent Gerhard M\u00f6ller und Musikschulleiter Christoph Stibor das Programm des 1. Fuldaer Gitarren-Fr\u00fchlings vor. Um neben der p\u00e4dagogischen Arbeit einen weiteren Mehrwert zu schaffen und etwas zum Kulturangebot der Stadt beizutragen, sei laut dem Leiter der Musikschule die Idee ein Gitarrenfestivals mit drei Konzerten und zwei Workshops entstanden. Musikfreunde k\u00f6nnen sich auf einen wahren Ohrenschmaus und v\u00f6llig neue Klangerlebnisse freuen, denn in jedem Konzert kommt eine andere Gitarrenart zum Einsatz: Xavier D\u00c3\u00adaz i Latorre spielt am 04. April 2014 um 19.30 Uhr auf der Spanischen Barockgitarre, Alvaro Pierri am 05. April 2014 um 19.30 Uhr auf der klassischen Konzertgitarre und Ulli B\u00f6gershausen am 06. April 2014 um 11.30 Uhr auf der Acoustic Pop-Guitar. \u201eJedes Konzert ist auf seine Weise ein besonderes Highlight und es freut mich auch sehr, dass wir Latorre und B\u00f6gershausen daf\u00fcr gewinnen konnten, au\u00dferdem noch zwei Workshops anzubieten\u201c, so Stibor.<\/p>\n<p>Weitere Informationen zum 1. Fuldaer Gitarren-Fr\u00fchling finden Sie im Internet unter www.musik-fulda.de.<\/p>\n","protected":false},"excerpt":{"rendered":"<div class=\"tmnf_excerpt\"><p>Fulda (cp). Sch\u00f6ne Kl\u00e4nge des italienischen Konzerts von Bach erf\u00fcllen den Raum. Die Freude \u00fcber den neuen Fl\u00fcgel ist dem Leiter der st\u00e4dtischen Musikschule bereits beim Spielen auf dem neuen Instrument anzusehen. \u201eWir sind der Sparkasse und dem F\u00f6rderverein der Musikschule sehr dankbar, dass sie uns den Erwerb dieses Fl\u00fcgels erm\u00f6glicht haben\u201c, betonte Stibor in &hellip;<\/p>\n<\/div>","protected":false},"author":1,"featured_media":0,"comment_status":"closed","ping_status":"closed","sticky":false,"template":"","format":"standard","meta":{"footnotes":""},"categories":[1,44],"tags":[],"class_list":["post-117762","post","type-post","status-publish","format-standard","hentry","category-startseite","category-kultur"],"_links":{"self":[{"href":"https:\/\/www.fuldaernachrichten.de\/index.php?rest_route=\/wp\/v2\/posts\/117762","targetHints":{"allow":["GET"]}}],"collection":[{"href":"https:\/\/www.fuldaernachrichten.de\/index.php?rest_route=\/wp\/v2\/posts"}],"about":[{"href":"https:\/\/www.fuldaernachrichten.de\/index.php?rest_route=\/wp\/v2\/types\/post"}],"author":[{"embeddable":true,"href":"https:\/\/www.fuldaernachrichten.de\/index.php?rest_route=\/wp\/v2\/users\/1"}],"replies":[{"embeddable":true,"href":"https:\/\/www.fuldaernachrichten.de\/index.php?rest_route=%2Fwp%2Fv2%2Fcomments&post=117762"}],"version-history":[{"count":1,"href":"https:\/\/www.fuldaernachrichten.de\/index.php?rest_route=\/wp\/v2\/posts\/117762\/revisions"}],"predecessor-version":[{"id":117764,"href":"https:\/\/www.fuldaernachrichten.de\/index.php?rest_route=\/wp\/v2\/posts\/117762\/revisions\/117764"}],"wp:attachment":[{"href":"https:\/\/www.fuldaernachrichten.de\/index.php?rest_route=%2Fwp%2Fv2%2Fmedia&parent=117762"}],"wp:term":[{"taxonomy":"category","embeddable":true,"href":"https:\/\/www.fuldaernachrichten.de\/index.php?rest_route=%2Fwp%2Fv2%2Fcategories&post=117762"},{"taxonomy":"post_tag","embeddable":true,"href":"https:\/\/www.fuldaernachrichten.de\/index.php?rest_route=%2Fwp%2Fv2%2Ftags&post=117762"}],"curies":[{"name":"wp","href":"https:\/\/api.w.org\/{rel}","templated":true}]}}