{"id":117758,"date":"2013-12-11T06:56:17","date_gmt":"2013-12-11T06:56:17","guid":{"rendered":"http:\/\/www.fuldaer-nachrichten.de\/?p=117758"},"modified":"2013-12-11T06:56:17","modified_gmt":"2013-12-11T06:56:17","slug":"abwasserverband-oberes-fuldatal-unter-neuer-leitung","status":"publish","type":"post","link":"https:\/\/www.fuldaernachrichten.de\/?p=117758","title":{"rendered":"Abwasserverband \u201eOberes Fuldatal\u201c unter neuer Leitung"},"content":{"rendered":"<p>Eichenzell. Der Abwasserverband \u201eOberes Fuldatal\u201c mit Sitz in der Gersfelder Stra\u00dfe 7 in Eichenzell, ist seit seiner Gr\u00fcndung im Jahr 1980 f\u00fcr die Abwasserentsorgung der Verbandsgemeinden Eichenzell, Ebersburg und Gersfeld zust\u00e4ndig. Im Verbandsgebiet betreut er sieben Kl\u00e4ranlagen und ein Kanalnetz von rund 200 Kilometer L\u00e4nge.<!--more--><\/p>\n<p>Mitte 2013 schied der Gesch\u00e4ftsf\u00fchrer Bernd G\u00fcnder aus. Eine neue Organisationsstruktur f\u00fcr den Verband wurde eingef\u00fchrt: Die Verantwortung f\u00fcr den Betrieb der Abwasseranlagen wurde auf die GKU Gesellschaft f\u00fcr kommunale Umwelttechnik, einer Tochtergesellschaft der Rh\u00f6nEnergie Fulda, \u00fcbertragen. \u00c2\u00a0Die GKU betreibt seit 2000 Abwasseranlagen f\u00fcr Kommunen, Eigenbetriebe und Verb\u00e4nde im Raum Ost- und Mittelhessen. Aktuell ist die GKU f\u00fcr den Betrieb von 23 Kl\u00e4ranlagen und insgesamt f\u00fcr \u00fcber 400 Kilometer Kanalnetz in der Region verantwortlich.<\/p>\n<p>\u201eWir haben uns ganz bewusst f\u00fcr eine technische Betriebsf\u00fchrung durch die Abwasserspezialisten der GKU entschieden, erkl\u00e4rt Dieter Kolb, B\u00fcrgermeister von Eichenzell und Vorstandsvorsitzender des Abwasserverbandes. \u201eDie gesetzlichen Anforderungen an das Abwasser-Management steigen, deswegen m\u00fcssen wir uns f\u00fcr diese Herausforderung r\u00fcsten.\u201c Auch die Aufgaben in der Verbandsverwaltung wurden neu strukturiert: \u201eDabei wird die Verantwortung von den dort t\u00e4tigen erfahrenen Mitarbeiterinnen und Mitarbeitern \u00fcbernommen\u201c, so \u00c2\u00a0Kolb.<\/p>\n<p><strong>Folgende Personen sind f\u00fcr die Belange des Verbandes zust\u00e4ndig<\/strong><\/p>\n<p><span style=\"text-decoration: underline;\">Vorstand:<\/span><\/p>\n<p>Vorsitz B\u00fcrgermeister Dieter Kolb<br \/>\nMitglieder B\u00fcrgermeisterin Brigitte Kram<br \/>\nB\u00fcrgermeister Peter Wolff<\/p>\n<p><span style=\"text-decoration: underline;\">Verbandsverwaltung:<\/span><\/p>\n<p>Sekretariat Elke Spiegel<br \/>\nTechnische Abteilung Daniel Kraus<br \/>\nKasse Stephan Brauckmann<\/p>\n<p><span style=\"text-decoration: underline;\">Technische Betriebsleitung:<\/span><\/p>\n<p>Betriebsleiter Roland Hilfenhaus<br \/>\nStellvertreter und<br \/>\nGew\u00e4sserschutzbeauftragter Albrecht Zeller<\/p>\n<p>So erreichen Sie den Abwasserverband \u201eOberes Fuldatal\u201c:<\/p>\n<p>Gersfelder Stra\u00dfe 7<br \/>\n36124 Eichenzell<br \/>\nTel.: (06659) 971-0<br \/>\nFax: (06659) 971-22<br \/>\nEmail: <a href=\"mailto:info@avof.de\">info@avof.de<br \/>\n<\/a>Internet: www. abwasserverband-oberes-fuldatal.de<\/p>\n<p><b><br \/>\nBereitschaft: (06659) 971-12<\/b><\/p>\n","protected":false},"excerpt":{"rendered":"<div class=\"tmnf_excerpt\"><p>Eichenzell. Der Abwasserverband \u201eOberes Fuldatal\u201c mit Sitz in der Gersfelder Stra\u00dfe 7 in Eichenzell, ist seit seiner Gr\u00fcndung im Jahr 1980 f\u00fcr die Abwasserentsorgung der Verbandsgemeinden Eichenzell, Ebersburg und Gersfeld zust\u00e4ndig. Im Verbandsgebiet betreut er sieben Kl\u00e4ranlagen und ein Kanalnetz von rund 200 Kilometer L\u00e4nge.<\/p>\n<\/div>","protected":false},"author":1,"featured_media":0,"comment_status":"closed","ping_status":"closed","sticky":false,"template":"","format":"standard","meta":{"footnotes":""},"categories":[1,29],"tags":[],"class_list":["post-117758","post","type-post","status-publish","format-standard","hentry","category-startseite","category-politik"],"_links":{"self":[{"href":"https:\/\/www.fuldaernachrichten.de\/index.php?rest_route=\/wp\/v2\/posts\/117758","targetHints":{"allow":["GET"]}}],"collection":[{"href":"https:\/\/www.fuldaernachrichten.de\/index.php?rest_route=\/wp\/v2\/posts"}],"about":[{"href":"https:\/\/www.fuldaernachrichten.de\/index.php?rest_route=\/wp\/v2\/types\/post"}],"author":[{"embeddable":true,"href":"https:\/\/www.fuldaernachrichten.de\/index.php?rest_route=\/wp\/v2\/users\/1"}],"replies":[{"embeddable":true,"href":"https:\/\/www.fuldaernachrichten.de\/index.php?rest_route=%2Fwp%2Fv2%2Fcomments&post=117758"}],"version-history":[{"count":1,"href":"https:\/\/www.fuldaernachrichten.de\/index.php?rest_route=\/wp\/v2\/posts\/117758\/revisions"}],"predecessor-version":[{"id":117759,"href":"https:\/\/www.fuldaernachrichten.de\/index.php?rest_route=\/wp\/v2\/posts\/117758\/revisions\/117759"}],"wp:attachment":[{"href":"https:\/\/www.fuldaernachrichten.de\/index.php?rest_route=%2Fwp%2Fv2%2Fmedia&parent=117758"}],"wp:term":[{"taxonomy":"category","embeddable":true,"href":"https:\/\/www.fuldaernachrichten.de\/index.php?rest_route=%2Fwp%2Fv2%2Fcategories&post=117758"},{"taxonomy":"post_tag","embeddable":true,"href":"https:\/\/www.fuldaernachrichten.de\/index.php?rest_route=%2Fwp%2Fv2%2Ftags&post=117758"}],"curies":[{"name":"wp","href":"https:\/\/api.w.org\/{rel}","templated":true}]}}