{"id":117754,"date":"2013-12-11T06:54:47","date_gmt":"2013-12-11T06:54:47","guid":{"rendered":"http:\/\/www.fuldaer-nachrichten.de\/?p=117754"},"modified":"2013-12-11T06:54:47","modified_gmt":"2013-12-11T06:54:47","slug":"caritas-bietet-im-neuen-jahr-attraktive-reisen-ganz-speziell-fuer-aeltere-menschen","status":"publish","type":"post","link":"https:\/\/www.fuldaernachrichten.de\/?p=117754","title":{"rendered":"Caritas bietet im neuen Jahr attraktive Reisen ganz speziell f\u00fcr \u00e4ltere Menschen"},"content":{"rendered":"<p><b><a href=\"http:\/\/www.fuldaer-nachrichten.de\/wp-content\/uploads\/2013\/12\/zu-97-cs_Titel-Seniorenfreizeit-20141.jpg\"><img fetchpriority=\"high\" decoding=\"async\" class=\"alignleft size-thumbnail wp-image-117756\" alt=\"zu 97-cs_Titel Seniorenfreizeit 2014\" src=\"http:\/\/www.fuldaer-nachrichten.de\/wp-content\/uploads\/2013\/12\/zu-97-cs_Titel-Seniorenfreizeit-20141-265x374.jpg\" width=\"265\" height=\"374\" srcset=\"https:\/\/www.fuldaernachrichten.de\/wp-content\/uploads\/2013\/12\/zu-97-cs_Titel-Seniorenfreizeit-20141-265x374.jpg 265w, https:\/\/www.fuldaernachrichten.de\/wp-content\/uploads\/2013\/12\/zu-97-cs_Titel-Seniorenfreizeit-20141-187x265.jpg 187w, https:\/\/www.fuldaernachrichten.de\/wp-content\/uploads\/2013\/12\/zu-97-cs_Titel-Seniorenfreizeit-20141-424x600.jpg 424w, https:\/\/www.fuldaernachrichten.de\/wp-content\/uploads\/2013\/12\/zu-97-cs_Titel-Seniorenfreizeit-20141.jpg 600w\" sizes=\"(max-width: 265px) 100vw, 265px\" \/><\/a>Fulda (cif). <\/b>Das neue Programm der Caritas-Senioren-Reisen f\u00fcr das Jahr 2014 ist ab sofort erh\u00e4ltlich. Interessierte k\u00f6nnen es kostenlos und unverbindlich anfordern beim Caritasverband f\u00fcr die Di\u00f6zese Fulda (Tel.0661 \/ 2428-131 oder per E-Mail unter <a href=\"mailto:monika.kuhnke@caritas-fulda.de\">monika.kuhnke@caritas-fulda.de<\/a>). Auch online unter <a href=\"http:\/\/www.caritas-fulda.de\">www.caritas-fulda.de<\/a> sind alle Reisen ausf\u00fchrlich beschrieben. Die neue Reisesaison 2014 beginnt im April mit einer Reise zum Meer: Scharbeutz-Haffkrug bietet frische Ostseeluft und M\u00f6glichkeiten f\u00fcr ruhige\u00c2\u00a0\u00c2\u00a0 Strandspazierg\u00e4nge. \u00c2\u00a0Bew\u00e4hrte Ziele wie Bad Salzschlirf in der Nachbarschaft, Bad Rothenfelde (Teuteborger Wald) und Dietershausen (Rh\u00f6n) folgen im Fr\u00fchjahr. Neu im Angebot ist Bad Wildungen im Waldecker Land, wo es im Juni\/Juli hingeht. Die Sommerziele liegen im Schwarzwald, Niederbayern und der Rh\u00f6n. Im September\/Oktober endet die Saison mit Reisen nach Bad K\u00f6nig (Odenwald), nochmals Dietershausen und\u00c2\u00a0 \u2013 neues Ziel \u2013 B\u00fcsum an der Nordsee.<!--more--><\/p>\n<p>So beginnt und endet das Reiseprogramm der Caritas Senioren-Reisen mit einer Fahrt ans Meer. Alle Reiseziele jedoch haben ihren individuellen besonderen Reiz und bieten sich f\u00fcr jeden \u00e4lteren Menschen an, der gerne in Gemeinschaft von Gleichgesinnten ein paar Tage verbringen m\u00f6chte. Zudem wurde bei der Auswahl der H\u00e4user ebenfalls darauf geachtet, dass sie den Bedarfen und den Interessenslagen \u00e4lterer Menschen in besonderer Weise entgegen kommen.<\/p>\n","protected":false},"excerpt":{"rendered":"<div class=\"tmnf_excerpt\"><p>Fulda (cif). Das neue Programm der Caritas-Senioren-Reisen f\u00fcr das Jahr 2014 ist ab sofort erh\u00e4ltlich. Interessierte k\u00f6nnen es kostenlos und unverbindlich anfordern beim Caritasverband f\u00fcr die Di\u00f6zese Fulda (Tel.0661 \/ 2428-131 oder per E-Mail unter monika.kuhnke@caritas-fulda.de). Auch online unter www.caritas-fulda.de sind alle Reisen ausf\u00fchrlich beschrieben. Die neue Reisesaison 2014 beginnt im April mit einer Reise &hellip;<\/p>\n<\/div>","protected":false},"author":1,"featured_media":0,"comment_status":"closed","ping_status":"closed","sticky":false,"template":"","format":"standard","meta":{"footnotes":""},"categories":[1,50],"tags":[],"class_list":["post-117754","post","type-post","status-publish","format-standard","hentry","category-startseite","category-kirche"],"_links":{"self":[{"href":"https:\/\/www.fuldaernachrichten.de\/index.php?rest_route=\/wp\/v2\/posts\/117754","targetHints":{"allow":["GET"]}}],"collection":[{"href":"https:\/\/www.fuldaernachrichten.de\/index.php?rest_route=\/wp\/v2\/posts"}],"about":[{"href":"https:\/\/www.fuldaernachrichten.de\/index.php?rest_route=\/wp\/v2\/types\/post"}],"author":[{"embeddable":true,"href":"https:\/\/www.fuldaernachrichten.de\/index.php?rest_route=\/wp\/v2\/users\/1"}],"replies":[{"embeddable":true,"href":"https:\/\/www.fuldaernachrichten.de\/index.php?rest_route=%2Fwp%2Fv2%2Fcomments&post=117754"}],"version-history":[{"count":1,"href":"https:\/\/www.fuldaernachrichten.de\/index.php?rest_route=\/wp\/v2\/posts\/117754\/revisions"}],"predecessor-version":[{"id":117757,"href":"https:\/\/www.fuldaernachrichten.de\/index.php?rest_route=\/wp\/v2\/posts\/117754\/revisions\/117757"}],"wp:attachment":[{"href":"https:\/\/www.fuldaernachrichten.de\/index.php?rest_route=%2Fwp%2Fv2%2Fmedia&parent=117754"}],"wp:term":[{"taxonomy":"category","embeddable":true,"href":"https:\/\/www.fuldaernachrichten.de\/index.php?rest_route=%2Fwp%2Fv2%2Fcategories&post=117754"},{"taxonomy":"post_tag","embeddable":true,"href":"https:\/\/www.fuldaernachrichten.de\/index.php?rest_route=%2Fwp%2Fv2%2Ftags&post=117754"}],"curies":[{"name":"wp","href":"https:\/\/api.w.org\/{rel}","templated":true}]}}