{"id":117735,"date":"2013-12-10T00:18:09","date_gmt":"2013-12-10T00:18:09","guid":{"rendered":"http:\/\/www.fuldaer-nachrichten.de\/?p=117735"},"modified":"2013-12-09T17:32:36","modified_gmt":"2013-12-09T17:32:36","slug":"erste-vereinte-senioren-adventsfeier-der-rhoenenergie","status":"publish","type":"post","link":"https:\/\/www.fuldaernachrichten.de\/?p=117735","title":{"rendered":"Erste \u201evereinte\u201c Senioren-Adventsfeier der Rh\u00f6nEnergie"},"content":{"rendered":"<div id=\"attachment_117736\" style=\"width: 275px\" class=\"wp-caption alignleft\"><a href=\"http:\/\/www.fuldaer-nachrichten.de\/wp-content\/uploads\/2013\/12\/DSC0750m.jpg\"><img decoding=\"async\" aria-describedby=\"caption-attachment-117736\" class=\"size-thumbnail wp-image-117736\" alt=\"Die Seniorinnen und Senioren der ehemaligen \u00dcWAG und GWV kommen  zur stimmungsvollen Adventsfeier der Rh\u00f6nEnergie Fulda im Maritim-Hotel zusammen.  \" src=\"http:\/\/www.fuldaer-nachrichten.de\/wp-content\/uploads\/2013\/12\/DSC0750m-265x175.jpg\" width=\"265\" height=\"175\" srcset=\"https:\/\/www.fuldaernachrichten.de\/wp-content\/uploads\/2013\/12\/DSC0750m-265x175.jpg 265w, https:\/\/www.fuldaernachrichten.de\/wp-content\/uploads\/2013\/12\/DSC0750m.jpg 600w\" sizes=\"(max-width: 265px) 100vw, 265px\" \/><\/a><p id=\"caption-attachment-117736\" class=\"wp-caption-text\">Die Seniorinnen und Senioren der ehemaligen \u00dcWAG und GWV kommen<br \/>zur stimmungsvollen Adventsfeier der Rh\u00f6nEnergie Fulda im Maritim-Hotel zusammen.<\/p><\/div>\n<p>Fulda. Am Nikolaustag setzte die Rh\u00f6nEnergie Fulda im Fusionsjahr die sch\u00f6ne Tradition der \u00dcWAG-Seniorenadventsfeier fort. Erstmalig wurden in diesem Jahr auch die Pension\u00e4re der ehemaligen Gas- und Wasserversorgung dazu geladen.Gesch\u00e4ftsf\u00fchrer Martin Heun stellte in seiner Rede besonders die vielen Anstrengungen vor, die beide Unternehmen auf dem Weg zur Fusion und insbesondere im Verlauf des Prozesses unternommen h\u00e4tten. Zwei starke Marken h\u00e4tten sich zu einem kommunalen Versorger zusammengefunden, der heute zu den Top 50 der Energie- und Wasserversorgungsunternehmen in Deutschland z\u00e4hle, dies sei eine beeindruckende Leistung.<!--more--><\/p>\n<p>\u201eDaf\u00fcr m\u00f6chte ich mich \u2013 auch im Namen meines Kollegen G\u00fcnter Bury \u2013 bei allen Beteiligten, insbesondere den Mitarbeitern, bedanken.\u201c Heun lobte ebenfalls die konstruktive Zusammenarbeit mit den Arbeitnehmervertretern im Fusionsprozess und die damit verbundenen, sehr guten Ergebnisse in Form eines umfassenden Bestandsschutzes: \u201eDamit haben wir viele \u00c4ngste abbauen k\u00f6nnen.\u201c Wichtig sei nun, sich nicht nur mit sich selbst zu besch\u00e4ftigen, sondern vor allem auch auf die Kunden zuzugehen. \u201eWir m\u00f6chten vermitteln, dass wir die Antworten auf alle Energiefragen geben.\u201c Die anwesenden Senioren bat er dabei um Unterst\u00fctzung: \u201eSie sind unsere Multiplikatoren, unsere Botschafter in der Region.\u201c<\/p>\n<p>Als \u201eKonstante\u201c bei allen Ver\u00e4nderungen wurde Hans Engmann gew\u00fcrdigt \u2013 mit 95 Jahren der \u201edienst\u00e4lteste\u201c Pension\u00e4r vor Ort. Er hatte von 1945 bis 1981 bei der ehemaligen \u00dcWAG als Freileitungsmonteur gearbeitet und war seit seinem Ruhestand bei allen bisherigen Adventsfeiern ein gern gesehener Gast.<\/p>\n<p>Im Anschluss berichteten \u2013 wie jedes Jahr \u2013 die Arbeitnehmervertreter von ihrer Arbeit und \u00fcberbrachten den Seniorinnen und Senioren herzliche Adventsgr\u00fc\u00dfe. \u201eUns hat dieses Jahr besonders die Fusion besonders bewegt und besch\u00e4ftigt. Das Tagesgesch\u00e4ft musste und muss aber trotzdem weiterlaufen. Deswegen muss man hier den Einsatz der Mitarbeiter besonders w\u00fcrdigen\u201c, erkl\u00e4rte Rainer Quanz, Betriebsratsvorsitzender der Rh\u00f6nEnergie, Teilbetrieb Strom. Andreas K\u00f6rber, Betriebsratsvorsitzender f\u00fcr den Teilbetrieb Gas und Wasser erg\u00e4nzte, die Betriebsr\u00e4te der ehemaligen \u00dcWAG und GWV h\u00e4tten seit Beginn der Fusionsverhandlungen hervorragend zusammengearbeitet, um die Interessen beider Belegschaften zu wahren.<\/p>\n<p>Insgesamt nahmen \u00fcber 200 Seniorinnen und Senioren an der Feierlichkeit teil. Musikalisch untermalt wurde die Feier von der Gitarrengruppe \u201eEinfach so\u201c aus Flieden.<\/p>\n<p>&nbsp;<\/p>\n<p><!--more--><\/p>\n","protected":false},"excerpt":{"rendered":"<div class=\"tmnf_excerpt\"><p>Fulda. Am Nikolaustag setzte die Rh\u00f6nEnergie Fulda im Fusionsjahr die sch\u00f6ne Tradition der \u00dcWAG-Seniorenadventsfeier fort. Erstmalig wurden in diesem Jahr auch die Pension\u00e4re der ehemaligen Gas- und Wasserversorgung dazu geladen.Gesch\u00e4ftsf\u00fchrer Martin Heun stellte in seiner Rede besonders die vielen Anstrengungen vor, die beide Unternehmen auf dem Weg zur Fusion und insbesondere im Verlauf des Prozesses &hellip;<\/p>\n<\/div>","protected":false},"author":1,"featured_media":0,"comment_status":"closed","ping_status":"closed","sticky":false,"template":"","format":"standard","meta":{"footnotes":""},"categories":[1,29],"tags":[],"class_list":["post-117735","post","type-post","status-publish","format-standard","hentry","category-startseite","category-politik"],"_links":{"self":[{"href":"https:\/\/www.fuldaernachrichten.de\/index.php?rest_route=\/wp\/v2\/posts\/117735","targetHints":{"allow":["GET"]}}],"collection":[{"href":"https:\/\/www.fuldaernachrichten.de\/index.php?rest_route=\/wp\/v2\/posts"}],"about":[{"href":"https:\/\/www.fuldaernachrichten.de\/index.php?rest_route=\/wp\/v2\/types\/post"}],"author":[{"embeddable":true,"href":"https:\/\/www.fuldaernachrichten.de\/index.php?rest_route=\/wp\/v2\/users\/1"}],"replies":[{"embeddable":true,"href":"https:\/\/www.fuldaernachrichten.de\/index.php?rest_route=%2Fwp%2Fv2%2Fcomments&post=117735"}],"version-history":[{"count":1,"href":"https:\/\/www.fuldaernachrichten.de\/index.php?rest_route=\/wp\/v2\/posts\/117735\/revisions"}],"predecessor-version":[{"id":117737,"href":"https:\/\/www.fuldaernachrichten.de\/index.php?rest_route=\/wp\/v2\/posts\/117735\/revisions\/117737"}],"wp:attachment":[{"href":"https:\/\/www.fuldaernachrichten.de\/index.php?rest_route=%2Fwp%2Fv2%2Fmedia&parent=117735"}],"wp:term":[{"taxonomy":"category","embeddable":true,"href":"https:\/\/www.fuldaernachrichten.de\/index.php?rest_route=%2Fwp%2Fv2%2Fcategories&post=117735"},{"taxonomy":"post_tag","embeddable":true,"href":"https:\/\/www.fuldaernachrichten.de\/index.php?rest_route=%2Fwp%2Fv2%2Ftags&post=117735"}],"curies":[{"name":"wp","href":"https:\/\/api.w.org\/{rel}","templated":true}]}}