{"id":117733,"date":"2013-12-09T17:30:58","date_gmt":"2013-12-09T17:30:58","guid":{"rendered":"http:\/\/www.fuldaer-nachrichten.de\/?p=117733"},"modified":"2013-12-09T17:30:58","modified_gmt":"2013-12-09T17:30:58","slug":"hessenweiter-oepnv-streik-am-dienstag-regionaler-busverkehr-betroffen","status":"publish","type":"post","link":"https:\/\/www.fuldaernachrichten.de\/?p=117733","title":{"rendered":"Hessenweiter \u00d6PNV-Streik am Dienstag: regionaler Busverkehr betroffen"},"content":{"rendered":"<p>Fulda. Der Busverkehr wird morgen, 10. Dezember, voraussichtlich aufgrund eines Warnstreiks von ver.di auf mehreren Linien im Stadt- und Regionalverkehr lahmgelegt. Ziel der Streikenden unter anderem: Lohnzuw\u00e4chse f\u00fcr Busfahrer in H\u00f6he von 8,7 Prozent sowie eine Reduzierung ihrer Arbeitszeit.<!--more--><b> <\/b><\/p>\n<p>Die Gewerkschaft ver.di hat landesweit zum Streik aufgerufen. Dieser wird sich auch auf den Verkehr in Osthessen auswirken: In Fulda und angrenzenden Regionen wird aller Voraussicht nach kein oder nur stark eingeschr\u00e4nkter Linienverkehr m\u00f6glich sein. Der Gro\u00dfteil der Haltestellen wird vermutlich nicht bedient.<\/p>\n<p>Die Gewerkschaft fordert eine Lohnerh\u00f6hung um 8,7 Prozent ab dem n\u00e4chsten Jahr. R\u00fcckwirkend soll an alle Besch\u00e4ftigten au\u00dferdem eine Einmalzahlung in H\u00f6he von 600 Euro f\u00fcr das zweite Halbjahr 2013 geleistet werden. Auch eine Verk\u00fcrzung der Arbeitszeit bei vollem Lohnausgleich geh\u00f6rt zum Forderungskatalog. Der Landesverband Hessischer Omnibusunternehmer (LHO) betonte, dass die Gewerkschaft Forderungen aufgestellt habe, die weit jenseits dessen liegen, was als realistisches Verhandlungsergebnis stehen k\u00f6nnte. Das Angebot des LHO, die Geh\u00e4lter stufenweise um insgesamt gut f\u00fcnf Prozent anzuheben, nahm ver.di nicht an.<\/p>\n<p>F\u00fcr die Fahrg\u00e4ste ergeben sich durch den landesweiten Streik zahlreiche Widrigkeiten, die durch den Ausfall von Linien und die Nichtbedienung von Haltestellen entstehen. \u00dcber die kurzfristigen Fahrplan\u00e4nderungen, Fahrtenausf\u00e4lle und zur Dauer des Streiks informiert das eigens eingerichtete Informations-Telefon der Rh\u00f6nEnergie-Verkehrsbetriebe unter der 0661 12-375.<\/p>\n","protected":false},"excerpt":{"rendered":"<div class=\"tmnf_excerpt\"><p>Fulda. Der Busverkehr wird morgen, 10. Dezember, voraussichtlich aufgrund eines Warnstreiks von ver.di auf mehreren Linien im Stadt- und Regionalverkehr lahmgelegt. Ziel der Streikenden unter anderem: Lohnzuw\u00e4chse f\u00fcr Busfahrer in H\u00f6he von 8,7 Prozent sowie eine Reduzierung ihrer Arbeitszeit.<\/p>\n<\/div>","protected":false},"author":1,"featured_media":0,"comment_status":"closed","ping_status":"closed","sticky":false,"template":"","format":"standard","meta":{"footnotes":""},"categories":[1,35],"tags":[],"class_list":["post-117733","post","type-post","status-publish","format-standard","hentry","category-startseite","category-auto"],"_links":{"self":[{"href":"https:\/\/www.fuldaernachrichten.de\/index.php?rest_route=\/wp\/v2\/posts\/117733","targetHints":{"allow":["GET"]}}],"collection":[{"href":"https:\/\/www.fuldaernachrichten.de\/index.php?rest_route=\/wp\/v2\/posts"}],"about":[{"href":"https:\/\/www.fuldaernachrichten.de\/index.php?rest_route=\/wp\/v2\/types\/post"}],"author":[{"embeddable":true,"href":"https:\/\/www.fuldaernachrichten.de\/index.php?rest_route=\/wp\/v2\/users\/1"}],"replies":[{"embeddable":true,"href":"https:\/\/www.fuldaernachrichten.de\/index.php?rest_route=%2Fwp%2Fv2%2Fcomments&post=117733"}],"version-history":[{"count":1,"href":"https:\/\/www.fuldaernachrichten.de\/index.php?rest_route=\/wp\/v2\/posts\/117733\/revisions"}],"predecessor-version":[{"id":117734,"href":"https:\/\/www.fuldaernachrichten.de\/index.php?rest_route=\/wp\/v2\/posts\/117733\/revisions\/117734"}],"wp:attachment":[{"href":"https:\/\/www.fuldaernachrichten.de\/index.php?rest_route=%2Fwp%2Fv2%2Fmedia&parent=117733"}],"wp:term":[{"taxonomy":"category","embeddable":true,"href":"https:\/\/www.fuldaernachrichten.de\/index.php?rest_route=%2Fwp%2Fv2%2Fcategories&post=117733"},{"taxonomy":"post_tag","embeddable":true,"href":"https:\/\/www.fuldaernachrichten.de\/index.php?rest_route=%2Fwp%2Fv2%2Ftags&post=117733"}],"curies":[{"name":"wp","href":"https:\/\/api.w.org\/{rel}","templated":true}]}}