{"id":117730,"date":"2013-12-10T00:15:49","date_gmt":"2013-12-10T00:15:49","guid":{"rendered":"http:\/\/www.fuldaer-nachrichten.de\/?p=117730"},"modified":"2013-12-09T17:29:56","modified_gmt":"2013-12-09T17:29:56","slug":"neu-ferienwandern-2014-jetzt-mit-wander-eventkalender","status":"publish","type":"post","link":"https:\/\/www.fuldaernachrichten.de\/?p=117730","title":{"rendered":"Neu: Ferienwandern 2014 &#8211; Jetzt mit Wander-Eventkalender"},"content":{"rendered":"<p><a href=\"http:\/\/www.fuldaer-nachrichten.de\/wp-content\/uploads\/2013\/12\/Titelblatt-FeWa-2014.jpg\"><img fetchpriority=\"high\" decoding=\"async\" class=\"alignleft size-thumbnail wp-image-117731\" alt=\"Titelblatt FeWa 2014\" src=\"http:\/\/www.fuldaer-nachrichten.de\/wp-content\/uploads\/2013\/12\/Titelblatt-FeWa-2014-265x372.jpg\" width=\"265\" height=\"372\" srcset=\"https:\/\/www.fuldaernachrichten.de\/wp-content\/uploads\/2013\/12\/Titelblatt-FeWa-2014-265x372.jpg 265w, https:\/\/www.fuldaernachrichten.de\/wp-content\/uploads\/2013\/12\/Titelblatt-FeWa-2014-188x265.jpg 188w, https:\/\/www.fuldaernachrichten.de\/wp-content\/uploads\/2013\/12\/Titelblatt-FeWa-2014-427x600.jpg 427w, https:\/\/www.fuldaernachrichten.de\/wp-content\/uploads\/2013\/12\/Titelblatt-FeWa-2014.jpg 600w\" sizes=\"(max-width: 265px) 100vw, 265px\" \/><\/a>Kassel. Es ist erschienen! Das Magazin Ferienwandern pr\u00e4sentiert sich auch in diesem Jahr wieder mit dem bew\u00e4hrten Dreiklang aus umfangreichen Informationen zu unterschiedlichen Wanderregionen, einem vielf\u00e4ltigen Angebot gef\u00fchrter Wanderungen und ausgesuchten wanderfreundlichen Unterk\u00fcnften. Dar\u00fcber hinaus enth\u00e4lt das Magazin in diesem Jahr erstmals einen Wander-Eventkalender, einer F\u00fclle an Gesundheitswander-Terminen und ein attraktives Bild-Essay.<\/p>\n<p>Das Magazin Feriewandern ist um stolze 22 Seiten gewachsen und legt in diesem Jahr besonderen Wert auf eine bunte Vielfalt bei der Vorstellung verschiedener Wanderregionen. So wird dem Leser nicht nur Lust zum Wandern in Deutschland gemacht, sondern auch die Sehnsucht nach Wanderzielen im Ausland geweckt. Dabei reicht das Spektrum vom Teutoburgerwald \u00fcber das Vall d\u00e2\u20ac\u2122Aosta Tal in den S\u00fcdtiroler Alpen bis hin zu der wohl exotischsten Destination dieser Ausgabe, der Insel Domenica in der Karibik. Warum sich diese Regionen ganz besonders f\u00fcr einen Ausflug unter das Himmelszelt ins Gr\u00fcne lohnen, erf\u00e4hrt der wanderfreudige Leser im ersten Teil des Magazins. <!--more--><\/p>\n<p>Dar\u00fcber hinaus bietet das Magazin wie gewohnt eine Reihe von Hintergrundberichten. So ist die Erfolgsgeschichte des Eggewegs und in diesem Zusammenhang die Qualit\u00e4tsinitiative \u201eWanderbares Deutschland\u201c thematisiert. Auch \u00fcber die Mitgliedskarte des Deutschen Wanderverbandes (DWV) und die zahlreichen Vorteile, die sich Ihrem Besitzer bieten berichtet das Magazin. Nat\u00fcrlich erh\u00e4lt der Leser wie gewohnt alle wichtigen Informationen \u00fcber den Deutschen Wandertag, der 2014 zum 114. Mal im Harz unter dem Motto \u201eWeltkultur erwander- Mythen erleben\u201c stattfindet.<\/p>\n<p>Das Aktionsjahr des Deutschen Wanderverbandes steht 2014 ganz im Zeichen des Deutschen Wanderabzeichens. Wie man das Abzeichen erh\u00e4lt und was das Bonusprogramm von \u00fcber 60 Krankenkassen damit zu tun hat \u2013 auch das erf\u00e4hrt der Leser im Ferienwandern 2014.<\/p>\n<p>Der Wanderkalender bietet die vertraute chronologische \u00dcbersicht \u00fcber alle in der Rubrik \u201eGef\u00fchrte Wanderungen\u201c beschriebenen Touren. Erg\u00e4nzt werden diese Angebote in diesem Jahr zum ersten Mal durch einen Veranstaltungskalender, welcher \u00fcber besondere Wander-Events, wie Marathonwanderungen und 24-Stunden Wanderungen informiert. Das Konzept des Gesundheitswanderns stie\u00df im vergangenen Jahr auf gro\u00dfe Begeisterung, so dass der Wanderkalender in diesem Jahr um weitere Gesundheitswanderterminen gewachsen ist. Zahlreiche regelm\u00e4\u00dfig stattfindend Wandertermine, aber auch mehrt\u00e4gige Gesundheitswandertermine animieren zum Wandern in der Gruppe zum Wohle der Gesundheit.<\/p>\n<p>Der dritte Teil rundet das Heft mit einem vielf\u00e4ltigen Angebot ausgew\u00e4hlter wanderfreundlicher Unterk\u00fcnfte ab. Die hier aufgelisteten Unterk\u00fcnfte lassen das Wanderherz h\u00f6her schlagen und erf\u00fcllen den Kriterienkatalog des DWV einer wanderfreundlichen Unterkunft, wie beispielsweise die Bereitstellung von aktuellen Wanderkarten.<\/p>\n<p>Au\u00dferdem l\u00e4sst sich eine Vielzahl an zertifizierten Unterk\u00fcnften mit dem Logo Qualit\u00e4tsgastgeber \u201e Wanderbares Deutschland\u201c finden, sowie Gasth\u00e4user, die am Bonusprogramm der DWV- Mitgliedskarte teilnehmen und dadurch ihren Besuchern attraktive Rabatte gew\u00e4hren.<\/p>\n<p>Zu bekommen ist Ferienwandern 2014 innerhalb Deutschlands gegen eine Versandkostenpauschale von 3,70 EUR. Kontakt: Deutscher Wanderverband, Wilhelmsh\u00f6her Allee 157-159, 34121 Kassel, Tel. (05 61) 9 38 73-0,\u00c2\u00a0 Fax: (05 61) 9 38 73-10, E-Mail: info@wanderverband.de bzw. online \u00fcber www.wanderservice.de.<\/p>\n","protected":false},"excerpt":{"rendered":"<div class=\"tmnf_excerpt\"><p>Kassel. Es ist erschienen! Das Magazin Ferienwandern pr\u00e4sentiert sich auch in diesem Jahr wieder mit dem bew\u00e4hrten Dreiklang aus umfangreichen Informationen zu unterschiedlichen Wanderregionen, einem vielf\u00e4ltigen Angebot gef\u00fchrter Wanderungen und ausgesuchten wanderfreundlichen Unterk\u00fcnften. Dar\u00fcber hinaus enth\u00e4lt das Magazin in diesem Jahr erstmals einen Wander-Eventkalender, einer F\u00fclle an Gesundheitswander-Terminen und ein attraktives Bild-Essay. Das Magazin Feriewandern &hellip;<\/p>\n<\/div>","protected":false},"author":1,"featured_media":0,"comment_status":"closed","ping_status":"closed","sticky":false,"template":"","format":"standard","meta":{"footnotes":""},"categories":[1,52],"tags":[],"class_list":["post-117730","post","type-post","status-publish","format-standard","hentry","category-startseite","category-umwelt"],"_links":{"self":[{"href":"https:\/\/www.fuldaernachrichten.de\/index.php?rest_route=\/wp\/v2\/posts\/117730","targetHints":{"allow":["GET"]}}],"collection":[{"href":"https:\/\/www.fuldaernachrichten.de\/index.php?rest_route=\/wp\/v2\/posts"}],"about":[{"href":"https:\/\/www.fuldaernachrichten.de\/index.php?rest_route=\/wp\/v2\/types\/post"}],"author":[{"embeddable":true,"href":"https:\/\/www.fuldaernachrichten.de\/index.php?rest_route=\/wp\/v2\/users\/1"}],"replies":[{"embeddable":true,"href":"https:\/\/www.fuldaernachrichten.de\/index.php?rest_route=%2Fwp%2Fv2%2Fcomments&post=117730"}],"version-history":[{"count":1,"href":"https:\/\/www.fuldaernachrichten.de\/index.php?rest_route=\/wp\/v2\/posts\/117730\/revisions"}],"predecessor-version":[{"id":117732,"href":"https:\/\/www.fuldaernachrichten.de\/index.php?rest_route=\/wp\/v2\/posts\/117730\/revisions\/117732"}],"wp:attachment":[{"href":"https:\/\/www.fuldaernachrichten.de\/index.php?rest_route=%2Fwp%2Fv2%2Fmedia&parent=117730"}],"wp:term":[{"taxonomy":"category","embeddable":true,"href":"https:\/\/www.fuldaernachrichten.de\/index.php?rest_route=%2Fwp%2Fv2%2Fcategories&post=117730"},{"taxonomy":"post_tag","embeddable":true,"href":"https:\/\/www.fuldaernachrichten.de\/index.php?rest_route=%2Fwp%2Fv2%2Ftags&post=117730"}],"curies":[{"name":"wp","href":"https:\/\/api.w.org\/{rel}","templated":true}]}}