{"id":117727,"date":"2013-12-10T00:13:29","date_gmt":"2013-12-10T00:13:29","guid":{"rendered":"http:\/\/www.fuldaer-nachrichten.de\/?p=117727"},"modified":"2013-12-09T17:27:41","modified_gmt":"2013-12-09T17:27:41","slug":"orgelmatinee-im-fuldaer-dom-mit-marek-stefanski-am-14-dezember-2","status":"publish","type":"post","link":"https:\/\/www.fuldaernachrichten.de\/?p=117727","title":{"rendered":"Orgelmatinee im Fuldaer Dom mit Marek Stefanski am 14. Dezember"},"content":{"rendered":"<p><a href=\"http:\/\/www.fuldaer-nachrichten.de\/wp-content\/uploads\/2013\/12\/marek-stefanski-bild-2-.jpg\"><img fetchpriority=\"high\" decoding=\"async\" class=\"alignleft size-thumbnail wp-image-117728\" alt=\"marek stefanski bild 2\" src=\"http:\/\/www.fuldaer-nachrichten.de\/wp-content\/uploads\/2013\/12\/marek-stefanski-bild-2--265x398.jpg\" width=\"265\" height=\"398\" srcset=\"https:\/\/www.fuldaernachrichten.de\/wp-content\/uploads\/2013\/12\/marek-stefanski-bild-2--265x398.jpg 265w, https:\/\/www.fuldaernachrichten.de\/wp-content\/uploads\/2013\/12\/marek-stefanski-bild-2--176x265.jpg 176w, https:\/\/www.fuldaernachrichten.de\/wp-content\/uploads\/2013\/12\/marek-stefanski-bild-2--398x600.jpg 398w, https:\/\/www.fuldaernachrichten.de\/wp-content\/uploads\/2013\/12\/marek-stefanski-bild-2-.jpg 600w\" sizes=\"(max-width: 265px) 100vw, 265px\" \/><\/a>Fulda. Die dritte Adventsorgelmatinee am 14. Dezember im Fuldaer Dom beginnt wie \u00fcblich um 12.05 Uhr. Der polnische Organist Marek Stefanski pr\u00e4sentiert ein fast europ\u00e4isch wirkendes Programm. Nach franz\u00f6sischem Einstieg mit Louis Marchands <i>Dialogue<\/i> folgt klassischer Weise Johann Sebastian Bach mit seiner Choralbearbeitung <i>Nun komm, der Heiden Heiland<\/i>, zum Abschluss erklingt der Kopfsatz der Orgelsymphonie g-Moll des bedeutendsten polnischen Orgelkomponisten Feliks Nowowiejski, ein in Deutschland selten geh\u00f6rtes Werk.<\/p>\n","protected":false},"excerpt":{"rendered":"<div class=\"tmnf_excerpt\"><p>Fulda. Die dritte Adventsorgelmatinee am 14. Dezember im Fuldaer Dom beginnt wie \u00fcblich um 12.05 Uhr. Der polnische Organist Marek Stefanski pr\u00e4sentiert ein fast europ\u00e4isch wirkendes Programm. Nach franz\u00f6sischem Einstieg mit Louis Marchands Dialogue folgt klassischer Weise Johann Sebastian Bach mit seiner Choralbearbeitung Nun komm, der Heiden Heiland, zum Abschluss erklingt der Kopfsatz der Orgelsymphonie &hellip;<\/p>\n<\/div>","protected":false},"author":1,"featured_media":0,"comment_status":"closed","ping_status":"closed","sticky":false,"template":"","format":"standard","meta":{"footnotes":""},"categories":[1,44],"tags":[],"class_list":["post-117727","post","type-post","status-publish","format-standard","hentry","category-startseite","category-kultur"],"_links":{"self":[{"href":"https:\/\/www.fuldaernachrichten.de\/index.php?rest_route=\/wp\/v2\/posts\/117727","targetHints":{"allow":["GET"]}}],"collection":[{"href":"https:\/\/www.fuldaernachrichten.de\/index.php?rest_route=\/wp\/v2\/posts"}],"about":[{"href":"https:\/\/www.fuldaernachrichten.de\/index.php?rest_route=\/wp\/v2\/types\/post"}],"author":[{"embeddable":true,"href":"https:\/\/www.fuldaernachrichten.de\/index.php?rest_route=\/wp\/v2\/users\/1"}],"replies":[{"embeddable":true,"href":"https:\/\/www.fuldaernachrichten.de\/index.php?rest_route=%2Fwp%2Fv2%2Fcomments&post=117727"}],"version-history":[{"count":1,"href":"https:\/\/www.fuldaernachrichten.de\/index.php?rest_route=\/wp\/v2\/posts\/117727\/revisions"}],"predecessor-version":[{"id":117729,"href":"https:\/\/www.fuldaernachrichten.de\/index.php?rest_route=\/wp\/v2\/posts\/117727\/revisions\/117729"}],"wp:attachment":[{"href":"https:\/\/www.fuldaernachrichten.de\/index.php?rest_route=%2Fwp%2Fv2%2Fmedia&parent=117727"}],"wp:term":[{"taxonomy":"category","embeddable":true,"href":"https:\/\/www.fuldaernachrichten.de\/index.php?rest_route=%2Fwp%2Fv2%2Fcategories&post=117727"},{"taxonomy":"post_tag","embeddable":true,"href":"https:\/\/www.fuldaernachrichten.de\/index.php?rest_route=%2Fwp%2Fv2%2Ftags&post=117727"}],"curies":[{"name":"wp","href":"https:\/\/api.w.org\/{rel}","templated":true}]}}