{"id":117724,"date":"2013-12-10T00:17:02","date_gmt":"2013-12-10T00:17:02","guid":{"rendered":"http:\/\/www.fuldaer-nachrichten.de\/?p=117724"},"modified":"2013-12-09T15:34:06","modified_gmt":"2013-12-09T15:34:06","slug":"jordan-cup-gruppe-b-gw-fulda-ii-und-marbach-verstaendigen-sich-nach-verletzungsbedingtem-abbruch-auf-spielwiederholung","status":"publish","type":"post","link":"https:\/\/www.fuldaernachrichten.de\/?p=117724","title":{"rendered":"JORDAN CUP Gruppe B: GW Fulda II und Marbach verst\u00e4ndigen sich nach verletzungsbedingtem Abbruch auf Spielwiederholung"},"content":{"rendered":"<div id=\"attachment_117725\" style=\"width: 275px\" class=\"wp-caption alignleft\"><a href=\"http:\/\/www.fuldaer-nachrichten.de\/wp-content\/uploads\/2013\/12\/IMG_0177.jpg\"><img decoding=\"async\" aria-describedby=\"caption-attachment-117725\" class=\"size-thumbnail wp-image-117725\" alt=\"oben von links: Dr. Svenja Beres, Mira Kierzek, Renate Bock, Peter Beikirch, Ulrich Marquardt, Prof. Dr. Alexander Osipowicz (alle GW Fulda II); unten von links: Martina Hahner, Isabel Hahner, Ann-Kathrin Seifert, Henning Schulz, Frederik Reinker, Timo Wei\u00df (alle Marbach); es fehlen: Sabine Walter, Martin Schneider, J\u00fcrgen Kre\u00df, Michael Schleicher (alle GW Fulda II); Thilo Steska, Maximilian Keil (beide Marbach)\" src=\"http:\/\/www.fuldaer-nachrichten.de\/wp-content\/uploads\/2013\/12\/IMG_0177-265x147.jpg\" width=\"265\" height=\"147\" srcset=\"https:\/\/www.fuldaernachrichten.de\/wp-content\/uploads\/2013\/12\/IMG_0177-265x147.jpg 265w, https:\/\/www.fuldaernachrichten.de\/wp-content\/uploads\/2013\/12\/IMG_0177.jpg 600w\" sizes=\"(max-width: 265px) 100vw, 265px\" \/><\/a><p id=\"caption-attachment-117725\" class=\"wp-caption-text\">oben von links: Dr. Svenja Beres, Mira Kierzek, Renate Bock, Peter Beikirch, Ulrich Marquardt, Prof. Dr. Alexander Osipowicz (alle GW Fulda II); unten von links: Martina Hahner, Isabel Hahner, Ann-Kathrin Seifert, Henning Schulz, Frederik Reinker, Timo Wei\u00df (alle Marbach); es fehlen: Sabine Walter, Martin Schneider, J\u00fcrgen Kre\u00df, Michael Schleicher (alle GW Fulda II); Thilo Steska, Maximilian Keil (beide Marbach)<\/p><\/div>\n<p>Fulda. Am 3. Spieltag der Gruppe B des in der Halle des TC Gr\u00fcn-Wei\u00df Fulda ausgetragenen JORDAN CUP 2013\/14 trafen GW Fulda II und Marbach aufeinander. Nachdem die Marbacher Mannschaftsf\u00fchrerin Isabel Hahner den Wettkampf wegen einer w\u00e4hrend der Mixed-Doppel unverschuldet erlittenen Verletzung nicht fortsetzen konnte und not\u00e4rztliche Behandlung aufsuchen mu\u00dfte, einigten sich die Teams auf die Wiederholung des kompletten Spieltags.<\/p>\n<p>Der Aufreger des Spieltags ereignete sich in den Mixed-Doppeln: Ein aus kurzer Entfernung vom Gegner kommender, unbeabsichtigter Querschl\u00e4ger traf die Marbacherin Isabel Hahner an der Schl\u00e4fe und sorgte bei ihr f\u00fcr einen schweren Knock-Out. Auf dringende Empfehlung der ebenfalls am Medenspiel teilnehmenden \u00c4rztin Dr. Svenja Beres begab sich Hahner daraufhin in not\u00e4rztliche Behandlung; zudem beendete unter dem Eindruck der Abl\u00e4ufe auch Hahners parallel auf Platz 3 aktive Mutter Martina Hahner ihr Doppel, um ihre Tochter in die Klinik zu begleiten, woraufhin sich beide Teams auf den Abbruch des Spieltags in Verbindung mit einer kompletten Neuansetzung einigten.<!--more--><\/p>\n<p>Begonnen hatte der Abend mit zwei Einzel-Runden, die unterschiedlicher nicht h\u00e4tten sein k\u00f6nnen: Die GW-Damen Dr. Svenja Beres, Mira Kierzek und Renate Bock verloren gegen ihre Gegnerinnen Martina Hahner, Isabel Hahner und Ann-Kathrin Seifert insgesamt nur sieben Spiele. So \u00fcberlegen sich die GW-Damen pr\u00e4sentierten, so unterlegen waren die GW-Herren: Peter Beikirch, Ulrich Marquardt und Prof. Dr. Alexander Osipowicz konnten ihren Gegnern Henning Schulz, Frederik Reinker und Timo Wei\u00df insgesamt nur neun Spiele abringen.<\/p>\n<p>F\u00fcr die Mixed-Doppel tauschten beide Teams sodann gro\u00dfz\u00fcgig Personal aus: GW schickte die Paarungen Dr. Beres\/Martin Schneider, Bock\/J\u00fcrgen Kre\u00df und Sabine Walter\/Michael Schleicher ins Rennen, w\u00e4hrend Marbach mit Isabel Hahner\/Thilo Steska, Seifert\/Schulz und Martina Hahner\/Maximilian Keil antrat. Die Doppel-Aufstellungen versprachen ein spannendes Finish um den Gesamtsieg, zu welchem es aufgrund des bedauerlichen Unfalls nicht mehr kommen sollte.<\/p>\n<p>Spielleiter Karsten A\u00dfmann schickt der verletzten und aus der Klinik gl\u00fccklicherweise wieder entlassenen Isabel Hahner die besten Genesungsw\u00fcnsche und zeigt sich mit der von den beiden Teams vorgeschlagenen L\u00f6sung der kompletten Spieltags zufrieden: \u201eDas nunmehr gew\u00e4hlte Vorgehen ist auf jeden Fall f\u00fcr alle Beteiligten sehr fair. Zwar w\u00e4re es auch m\u00f6glich gewesen, nur die Doppel erneut auszutragen; wenn die Teams jedoch trotz bereits abgeschlossener Einzel aus freiem Willen heraus w\u00fcnschen, dass der komplette Spieltag wiederholt wird \u2013 warum nicht?\u201c Das Match wird nun am 28. Dezember erneut ausgetragen werden.<\/p>\n<p>Am kommenden Samstag um 18 Uhr setzt die Gruppe B ihren Spielbetrieb fort, wenn die MSG Eichenzell\/Johannisau auf BW H\u00fcnfeld trifft: W\u00e4hrend H\u00fcnfeld am 1. Spieltag bereits einen Erfolg f\u00fcr sich verbuchen konnte, hofft die MSG auf ihren ersten Saisonsieg.<\/p>\n<p>Alle weiteren Informationen zum JORDAN CUP stehen online unter www.facebook.com\/tennis.winter sowie www.jordancup.de bereit.<\/p>\n","protected":false},"excerpt":{"rendered":"<div class=\"tmnf_excerpt\"><p>Fulda. Am 3. Spieltag der Gruppe B des in der Halle des TC Gr\u00fcn-Wei\u00df Fulda ausgetragenen JORDAN CUP 2013\/14 trafen GW Fulda II und Marbach aufeinander. Nachdem die Marbacher Mannschaftsf\u00fchrerin Isabel Hahner den Wettkampf wegen einer w\u00e4hrend der Mixed-Doppel unverschuldet erlittenen Verletzung nicht fortsetzen konnte und not\u00e4rztliche Behandlung aufsuchen mu\u00dfte, einigten sich die Teams auf &hellip;<\/p>\n<\/div>","protected":false},"author":1,"featured_media":0,"comment_status":"closed","ping_status":"closed","sticky":false,"template":"","format":"standard","meta":{"footnotes":""},"categories":[1,46],"tags":[],"class_list":["post-117724","post","type-post","status-publish","format-standard","hentry","category-startseite","category-sport"],"_links":{"self":[{"href":"https:\/\/www.fuldaernachrichten.de\/index.php?rest_route=\/wp\/v2\/posts\/117724","targetHints":{"allow":["GET"]}}],"collection":[{"href":"https:\/\/www.fuldaernachrichten.de\/index.php?rest_route=\/wp\/v2\/posts"}],"about":[{"href":"https:\/\/www.fuldaernachrichten.de\/index.php?rest_route=\/wp\/v2\/types\/post"}],"author":[{"embeddable":true,"href":"https:\/\/www.fuldaernachrichten.de\/index.php?rest_route=\/wp\/v2\/users\/1"}],"replies":[{"embeddable":true,"href":"https:\/\/www.fuldaernachrichten.de\/index.php?rest_route=%2Fwp%2Fv2%2Fcomments&post=117724"}],"version-history":[{"count":1,"href":"https:\/\/www.fuldaernachrichten.de\/index.php?rest_route=\/wp\/v2\/posts\/117724\/revisions"}],"predecessor-version":[{"id":117726,"href":"https:\/\/www.fuldaernachrichten.de\/index.php?rest_route=\/wp\/v2\/posts\/117724\/revisions\/117726"}],"wp:attachment":[{"href":"https:\/\/www.fuldaernachrichten.de\/index.php?rest_route=%2Fwp%2Fv2%2Fmedia&parent=117724"}],"wp:term":[{"taxonomy":"category","embeddable":true,"href":"https:\/\/www.fuldaernachrichten.de\/index.php?rest_route=%2Fwp%2Fv2%2Fcategories&post=117724"},{"taxonomy":"post_tag","embeddable":true,"href":"https:\/\/www.fuldaernachrichten.de\/index.php?rest_route=%2Fwp%2Fv2%2Ftags&post=117724"}],"curies":[{"name":"wp","href":"https:\/\/api.w.org\/{rel}","templated":true}]}}