{"id":117717,"date":"2013-12-10T00:09:25","date_gmt":"2013-12-10T00:09:25","guid":{"rendered":"http:\/\/www.fuldaer-nachrichten.de\/?p=117717"},"modified":"2013-12-10T06:13:20","modified_gmt":"2013-12-10T06:13:20","slug":"ueber-die-aktuellen-entwicklungen-im-journalismus-mehr-als-100-gaeste-bei-jahresgespraech-des-arbeitskreises-schule-wirtschaft-mit-tagesschau-moderator","status":"publish","type":"post","link":"https:\/\/www.fuldaernachrichten.de\/?p=117717","title":{"rendered":"\u00dcber die aktuellen Entwicklungen im Journalismus &#8211; Mehr als 100 G\u00e4ste bei Jahresgespr\u00e4ch des Arbeitskreises Schule-Wirtschaft mit Tagesschau-Moderator"},"content":{"rendered":"<p><a href=\"http:\/\/www.fuldaer-nachrichten.de\/wp-content\/uploads\/2013\/12\/Jahresgespr\u00e4ch-2013-Gruppenfoto.jpg\"><img fetchpriority=\"high\" decoding=\"async\" class=\"alignnone size-full wp-image-117718\" alt=\"Jahresgespr\u00e4ch 2013 Gruppenfoto\" src=\"http:\/\/www.fuldaer-nachrichten.de\/wp-content\/uploads\/2013\/12\/Jahresgespr\u00e4ch-2013-Gruppenfoto.jpg\" width=\"560\" height=\"440\" \/><\/a><\/p>\n<p><b>Fulda<\/b>. \u201eDer Fluch der Schnelligkeit \u2013 Journalismus in Zeiten von Twitter &amp; Co\u201c \u2013 unter diesem Titel stand das Jahresgespr\u00e4ch des Arbeitskreises Schule-Wirtschaft.\u00c2\u00a0 \u00dcber 100 G\u00e4ste verfolgten in der Eduard-Stieler-Schule, wie Tagesschau-Moderator Prof. Dr. Claus-Erich Boetzkes anhand plakativer Beispiele die Entwicklung der immer schneller werdenden Medienberichterstattung aufzeigte.<!--more--><\/p>\n<p>\u201eDurch dieses extrem hohe Tempo hat sich der Nachrichtenjournalismus ver\u00e4ndert. Der Zuschauer m\u00f6chte sich am liebsten in Echtzeit und gleichzeitig mit m\u00f6glichst wenig Zeitaufwand informieren\u201c, berichtete der geb\u00fcrtige Bayer. Diese Entwicklung f\u00fchrte der 57-J\u00e4hrige ma\u00dfgeblich auf den technischen Fortschritt zur\u00fcck. So habe sich beispielsweise der Anteil der Deutschen, die ein Smartphone besitzen, seit 2011 verdreifacht. Durch die Nutzung dieser Ger\u00e4te w\u00fcrden private und \u00f6ffentliche Kommunikation miteinander verschmelzen. \u201eDie Menschen werden durch sogenannte \u201ePush\u201c-Nachrichten \u00fcber Twitter, Facebook und andere Online-Plattformen direkt \u00fcber sensationelle Ereignisse informiert und erwarten, dass auch die Medien sofort dar\u00fcber berichten.\u201c<\/p>\n<p>Doch dabei gerate der seri\u00f6se Journalismus in eine Zwickm\u00fchle: \u201eWenn eine unbest\u00e4tigte Nachricht direkt in das Nachrichtenprogramm aufgenommen wird, dann besteht nat\u00fcrlich das Risiko, dass es sich dabei um eine Falschmeldung handelt, was einen erheblichen Reputationsverlust zur Folge h\u00e4tte.\u201c Wartet eine Redaktion hingegen mit der Ver\u00f6ffentlichung einer Nachricht, bis diese von einer zweiten seri\u00f6sen Quelle best\u00e4tigt wird \u2013 so wie grunds\u00e4tzlich im \u00f6ffentlich-rechtlichen Fernsehen \u00fcblich \u2013 \u201ebesteht die Gefahr, als einer der Letzten \u00fcber das Ereignis zu berichten, sodass beim n\u00e4chsten Mal die Zuschauerzahl deutlich zur\u00fcckgeht.\u201c<\/p>\n<p>In der Schnelllebigkeit der Berichterstattung sieht Prof. Boetzkes zudem entscheidende Konsequenzen f\u00fcr die demokratische Ordnung: \u201eIn einem anderthalbmin\u00fctigen Beitrag ist es unm\u00f6glich, ein komplexes Thema mit wichtigen Hintergr\u00fcnden aufzubereiten.&#8221; So lohne es sich mit diesem Hang zur K\u00fcrze nicht, komplexe Themen aufzugreifen, da diese untergehen und vom Zuschauer aufgrund der knappen Aufbereitung auch nicht verstanden w\u00fcrden.<\/p>\n<p>Dass es angesichts der gegenw\u00e4rtigen Entwicklung\u00c2\u00a0 f\u00fcr die Schulen eine wichtige Aufgabe sei, den Sch\u00fclern zu vermitteln, wie sie sich etwa seri\u00f6se Informationen beschaffen oder ihre Rolle als m\u00fcndige B\u00fcrger wahrnehmen k\u00f6nnen, betonte Manfred Baumann, Gesch\u00e4ftsf\u00fchrer des Arbeitgeberverbandes Osthessen und zeigte sich zugleich optimistisch: an: \u201eIch denke, wir k\u00f6nnen die neuen M\u00f6glichkeiten durchaus als Segen verstehen. Wir m\u00fcssen dabei nur den Kompass bewahren.\u201c<\/p>\n<p>In ihrer Ansprache lie\u00df die Vorsitzende des Arbeitskreises Schule-Wirtschaft, Angelika Bott-Werner, die Arbeitskreis-Veranstaltungen des Jahres 2013 Revue passieren und erl\u00e4uterte dazu die Hintergr\u00fcnde: \u201eDie Unternehmensbesuche sind f\u00fcr die Lehrer ein wichtiger Baustein, um einerseits die ersten Kontakte zu den Unternehmen herzustellen und andererseits den Sch\u00fclern Tipps f\u00fcr den sp\u00e4teren Berufsalltag zu vermitteln. Au\u00dferdem bildet die St\u00e4rkung der Wirtschaftskompetenz von Lehrkr\u00e4ften und Sch\u00fclern einen wichtigen Schwerpunkt.\u201c Dar\u00fcber hinaus bot die Organisatorin des Jahresgespr\u00e4chs einen ersten Einblick in die geplanten Aktivit\u00e4ten des kommenden Jahres: \u201eNeben dem Besuch von Betrieben aus der Region m\u00f6chten wir\u00c2\u00a0 soziale Einrichtungen und unterschiedliche Schulen mit ihren individuellen Schwerpunkten und Konzepten kennenlernen\u201c. Im Februar ist der Besuch einer F\u00f6rderschule geplant. Dabei soll das Thema \u201eInklusion\u201c im Fokus stehen.<\/p>\n","protected":false},"excerpt":{"rendered":"<div class=\"tmnf_excerpt\"><p>Fulda. \u201eDer Fluch der Schnelligkeit \u2013 Journalismus in Zeiten von Twitter &amp; Co\u201c \u2013 unter diesem Titel stand das Jahresgespr\u00e4ch des Arbeitskreises Schule-Wirtschaft.\u00c2\u00a0 \u00dcber 100 G\u00e4ste verfolgten in der Eduard-Stieler-Schule, wie Tagesschau-Moderator Prof. Dr. Claus-Erich Boetzkes anhand plakativer Beispiele die Entwicklung der immer schneller werdenden Medienberichterstattung aufzeigte.<\/p>\n<\/div>","protected":false},"author":1,"featured_media":0,"comment_status":"closed","ping_status":"closed","sticky":false,"template":"","format":"standard","meta":{"footnotes":""},"categories":[1,53,78],"tags":[],"class_list":["post-117717","post","type-post","status-publish","format-standard","hentry","category-startseite","category-bildung","category-topthema"],"_links":{"self":[{"href":"https:\/\/www.fuldaernachrichten.de\/index.php?rest_route=\/wp\/v2\/posts\/117717","targetHints":{"allow":["GET"]}}],"collection":[{"href":"https:\/\/www.fuldaernachrichten.de\/index.php?rest_route=\/wp\/v2\/posts"}],"about":[{"href":"https:\/\/www.fuldaernachrichten.de\/index.php?rest_route=\/wp\/v2\/types\/post"}],"author":[{"embeddable":true,"href":"https:\/\/www.fuldaernachrichten.de\/index.php?rest_route=\/wp\/v2\/users\/1"}],"replies":[{"embeddable":true,"href":"https:\/\/www.fuldaernachrichten.de\/index.php?rest_route=%2Fwp%2Fv2%2Fcomments&post=117717"}],"version-history":[{"count":2,"href":"https:\/\/www.fuldaernachrichten.de\/index.php?rest_route=\/wp\/v2\/posts\/117717\/revisions"}],"predecessor-version":[{"id":117742,"href":"https:\/\/www.fuldaernachrichten.de\/index.php?rest_route=\/wp\/v2\/posts\/117717\/revisions\/117742"}],"wp:attachment":[{"href":"https:\/\/www.fuldaernachrichten.de\/index.php?rest_route=%2Fwp%2Fv2%2Fmedia&parent=117717"}],"wp:term":[{"taxonomy":"category","embeddable":true,"href":"https:\/\/www.fuldaernachrichten.de\/index.php?rest_route=%2Fwp%2Fv2%2Fcategories&post=117717"},{"taxonomy":"post_tag","embeddable":true,"href":"https:\/\/www.fuldaernachrichten.de\/index.php?rest_route=%2Fwp%2Fv2%2Ftags&post=117717"}],"curies":[{"name":"wp","href":"https:\/\/api.w.org\/{rel}","templated":true}]}}