{"id":117715,"date":"2013-12-10T00:16:42","date_gmt":"2013-12-10T00:16:42","guid":{"rendered":"http:\/\/www.fuldaer-nachrichten.de\/?p=117715"},"modified":"2013-12-09T14:28:40","modified_gmt":"2013-12-09T14:28:40","slug":"50-baeume-zu-gewinnen-landschaftsgaertner-beschenken-zum-50-verbandsjubilaeum-soziale-einrichtungen","status":"publish","type":"post","link":"https:\/\/www.fuldaernachrichten.de\/?p=117715","title":{"rendered":"50 B\u00e4ume zu gewinnen! Landschaftsg\u00e4rtner beschenken zum 50. Verbandsjubil\u00e4um soziale Einrichtungen"},"content":{"rendered":"<p>Wiesbaden\/Erfurt. Vor 50 Kinderg\u00e4rten, Schulen, Altersheimen oder Krankenh\u00e4usern in Hessen und Th\u00fcringen stehen schon bald pr\u00e4chtige B\u00e4ume. Denn 50 B\u00e4ume verschenkt der Fachverband Garten-, Landschafts- und Sportplatzbau Hessen-Th\u00fcringen im kommenden Jahr an soziale oder gemeinn\u00fctzige Einrichtungen. Anlass ist das f\u00fcnfzigj\u00e4hrige Verbandsjubil\u00e4um im Jahr 2014. \u201eMit dieser Aktion wollen wir den Menschen das Engagement unserer Mitgliedsunternehmen f\u00fcr eine naturnahe Umwelt vor Augen f\u00fchren\u201c, betonte Verbandspr\u00e4sident Jens Heger.<!--more--><\/p>\n<p>Um einen Baum bewerben kann sich jede soziale oder gemeinn\u00fctzige Einrichtung in Th\u00fcringen und Hessen &#8211; unter einer Voraussetzung: Es muss eine Fl\u00e4che vorhanden sein, in die der Baum gepflanzt werden kann. Zur Auswahl stehen Obstb\u00e4ume oder heimische Laubb\u00e4ume. Die Pflanzung \u00fcbernimmt ein Garten- und Landschaftsbaubetrieb vor Ort, der den Baum dann in einer kleinen Feierstunde setzen wird.<\/p>\n<p>Alle Einrichtungen, die mitmachen m\u00f6chten, k\u00f6nnen ihre Bewerbungen richten an den Fachverband Garten-, Landschafts- und Sportplatzbau (FGL) Hessen-Th\u00fcringen e. V., Max-Planck-Ring 37, 65205 Wiesbaden, Fax 06122-9311424 oder E-Mail info@galabau-ht.de. Die Bewerbungsunterlagen sind auf der Website des Fachverbands (www.galabau-ht.de) abrufbar oder k\u00f6nnen telefonisch unter 06122-931140 oder per E-Mail angefordert werden. Einsendeschluss ist der 28. Februar 2014. Gehen mehr als 50 Bewerbungen ein, entscheidet das Los.<\/p>\n<p>Im FGL haben sich rund 300 Garten-, Landschafts- und Sportplatzbau-Firmen mit etwa 8.500 Mitarbeitern zusammengeschlossen. Keimzelle des Verbands war der 1964 gegr\u00fcndete Fachverband S\u00fcdhessischer Landschaftsg\u00e4rtner. 1991 schlossen sich der th\u00fcringische und hessische Verband zusammen.<\/p>\n","protected":false},"excerpt":{"rendered":"<div class=\"tmnf_excerpt\"><p>Wiesbaden\/Erfurt. Vor 50 Kinderg\u00e4rten, Schulen, Altersheimen oder Krankenh\u00e4usern in Hessen und Th\u00fcringen stehen schon bald pr\u00e4chtige B\u00e4ume. Denn 50 B\u00e4ume verschenkt der Fachverband Garten-, Landschafts- und Sportplatzbau Hessen-Th\u00fcringen im kommenden Jahr an soziale oder gemeinn\u00fctzige Einrichtungen. Anlass ist das f\u00fcnfzigj\u00e4hrige Verbandsjubil\u00e4um im Jahr 2014. \u201eMit dieser Aktion wollen wir den Menschen das Engagement unserer Mitgliedsunternehmen &hellip;<\/p>\n<\/div>","protected":false},"author":1,"featured_media":0,"comment_status":"closed","ping_status":"closed","sticky":false,"template":"","format":"standard","meta":{"footnotes":""},"categories":[1,52],"tags":[],"class_list":["post-117715","post","type-post","status-publish","format-standard","hentry","category-startseite","category-umwelt"],"_links":{"self":[{"href":"https:\/\/www.fuldaernachrichten.de\/index.php?rest_route=\/wp\/v2\/posts\/117715","targetHints":{"allow":["GET"]}}],"collection":[{"href":"https:\/\/www.fuldaernachrichten.de\/index.php?rest_route=\/wp\/v2\/posts"}],"about":[{"href":"https:\/\/www.fuldaernachrichten.de\/index.php?rest_route=\/wp\/v2\/types\/post"}],"author":[{"embeddable":true,"href":"https:\/\/www.fuldaernachrichten.de\/index.php?rest_route=\/wp\/v2\/users\/1"}],"replies":[{"embeddable":true,"href":"https:\/\/www.fuldaernachrichten.de\/index.php?rest_route=%2Fwp%2Fv2%2Fcomments&post=117715"}],"version-history":[{"count":1,"href":"https:\/\/www.fuldaernachrichten.de\/index.php?rest_route=\/wp\/v2\/posts\/117715\/revisions"}],"predecessor-version":[{"id":117716,"href":"https:\/\/www.fuldaernachrichten.de\/index.php?rest_route=\/wp\/v2\/posts\/117715\/revisions\/117716"}],"wp:attachment":[{"href":"https:\/\/www.fuldaernachrichten.de\/index.php?rest_route=%2Fwp%2Fv2%2Fmedia&parent=117715"}],"wp:term":[{"taxonomy":"category","embeddable":true,"href":"https:\/\/www.fuldaernachrichten.de\/index.php?rest_route=%2Fwp%2Fv2%2Fcategories&post=117715"},{"taxonomy":"post_tag","embeddable":true,"href":"https:\/\/www.fuldaernachrichten.de\/index.php?rest_route=%2Fwp%2Fv2%2Ftags&post=117715"}],"curies":[{"name":"wp","href":"https:\/\/api.w.org\/{rel}","templated":true}]}}