{"id":117712,"date":"2013-12-10T00:16:47","date_gmt":"2013-12-10T00:16:47","guid":{"rendered":"http:\/\/www.fuldaer-nachrichten.de\/?p=117712"},"modified":"2013-12-09T14:27:25","modified_gmt":"2013-12-09T14:27:25","slug":"wemag-team-zieht-positive-bilanz-9-200-besucher-bei-9-werkzeug-und-maschinenmesse","status":"publish","type":"post","link":"https:\/\/www.fuldaernachrichten.de\/?p=117712","title":{"rendered":"WEMAG-Team zieht positive Bilanz &#8211; 9 200 Besucher bei 9. Werkzeug und Maschinenmesse"},"content":{"rendered":"<p><b><a href=\"http:\/\/www.fuldaer-nachrichten.de\/wp-content\/uploads\/2013\/12\/Messe-2013.jpg\"><img fetchpriority=\"high\" decoding=\"async\" class=\"alignleft size-thumbnail wp-image-117713\" alt=\"Messe 2013\" src=\"http:\/\/www.fuldaer-nachrichten.de\/wp-content\/uploads\/2013\/12\/Messe-2013-265x312.jpg\" width=\"265\" height=\"312\" srcset=\"https:\/\/www.fuldaernachrichten.de\/wp-content\/uploads\/2013\/12\/Messe-2013-265x312.jpg 265w, https:\/\/www.fuldaernachrichten.de\/wp-content\/uploads\/2013\/12\/Messe-2013-224x265.jpg 224w, https:\/\/www.fuldaernachrichten.de\/wp-content\/uploads\/2013\/12\/Messe-2013-508x600.jpg 508w, https:\/\/www.fuldaernachrichten.de\/wp-content\/uploads\/2013\/12\/Messe-2013.jpg 600w\" sizes=\"(max-width: 265px) 100vw, 265px\" \/><\/a>Fulda. <\/b>\u201eWir sind mit dem Verlauf der Messe sehr zufrieden. Bei Werkzeugen, Maschinen und Arbeitsschutz-Artikeln konnten wir eine gro\u00dfe Nachfrage verzeichnen\u201c erkl\u00e4rt WEMAG-Gesch\u00e4ftsf\u00fchrer Joachim Schaus zum Abschluss der 9. Werkzeug und Maschinenmesse. An drei Tagen haben sich insgesamt 9 200 Fachleute und Heimwerker\u00c2\u00a0 in der Esperantohalle \u00fcber die Angebote und Produktneuheiten von 110 Ausstellern aus 13 L\u00e4ndern informiert.\u00c2\u00a0<!--more--><\/p>\n<p>Ein Besuchermagnet war die \u201eWerkzeug-Olympiade\u201c, bei der dreimal am Tag mehrere hundert G\u00e4ste gleiche Werkzeugmodelle f\u00fchrender Hersteller im direkten Vergleich begutachtet haben: \u201eDieser Wettbewerb war sehr unterhaltsam und bot unseren Besuchern zugleich eine gute Entscheidungshilfe f\u00fcr den Werkzeugkauf. An den St\u00e4nden der Hersteller des Gewinnermodells war nach den Vorf\u00fchrungen stets ein reger Andrang zu verzeichnen. Das meistverkaufte Produkt der Messe war der Multimaster von FEIN, der bei den Vorf\u00fchrungen der Multifunktionswerkzeuge am besten abgeschnitten hat\u201c, berichtet Schaus. Auch die Modenschau f\u00fcr Berufsbekleidung, die in diesem Jahr erstmals in das Programm aufgenommen wurde, erfreute sich bei den G\u00e4sten gro\u00dfer Beliebtheit. Auf der Aktionsb\u00fchne pr\u00e4sentierten die Auszubildenden der WEMAG funktionale und modische Arbeitskleidung von Kopf bis Fu\u00df.<\/p>\n<p>Ein voller Erfolg war auch die Tombola, die das WEMAG-Team veranstaltet hat \u2013 alle 10 000 Lose wurden verkauft. Der Erl\u00f6s in H\u00f6he von 10 000 Euro kommt karitativen Einrichtungen in der Region zu Gute. Nicht geknackt wurde der gl\u00e4serne Tresor, der mit 25 000 Euro gef\u00fcllt war. Der \u201eSpieleinsatz\u201c mit je einem Euro wird ebenfalls einem gemeinn\u00fctzigen Zweck gespendet.<\/p>\n","protected":false},"excerpt":{"rendered":"<div class=\"tmnf_excerpt\"><p>Fulda. \u201eWir sind mit dem Verlauf der Messe sehr zufrieden. Bei Werkzeugen, Maschinen und Arbeitsschutz-Artikeln konnten wir eine gro\u00dfe Nachfrage verzeichnen\u201c erkl\u00e4rt WEMAG-Gesch\u00e4ftsf\u00fchrer Joachim Schaus zum Abschluss der 9. Werkzeug und Maschinenmesse. An drei Tagen haben sich insgesamt 9 200 Fachleute und Heimwerker\u00c2\u00a0 in der Esperantohalle \u00fcber die Angebote und Produktneuheiten von 110 Ausstellern aus &hellip;<\/p>\n<\/div>","protected":false},"author":1,"featured_media":0,"comment_status":"closed","ping_status":"closed","sticky":false,"template":"","format":"standard","meta":{"footnotes":""},"categories":[1,29],"tags":[],"class_list":["post-117712","post","type-post","status-publish","format-standard","hentry","category-startseite","category-politik"],"_links":{"self":[{"href":"https:\/\/www.fuldaernachrichten.de\/index.php?rest_route=\/wp\/v2\/posts\/117712","targetHints":{"allow":["GET"]}}],"collection":[{"href":"https:\/\/www.fuldaernachrichten.de\/index.php?rest_route=\/wp\/v2\/posts"}],"about":[{"href":"https:\/\/www.fuldaernachrichten.de\/index.php?rest_route=\/wp\/v2\/types\/post"}],"author":[{"embeddable":true,"href":"https:\/\/www.fuldaernachrichten.de\/index.php?rest_route=\/wp\/v2\/users\/1"}],"replies":[{"embeddable":true,"href":"https:\/\/www.fuldaernachrichten.de\/index.php?rest_route=%2Fwp%2Fv2%2Fcomments&post=117712"}],"version-history":[{"count":1,"href":"https:\/\/www.fuldaernachrichten.de\/index.php?rest_route=\/wp\/v2\/posts\/117712\/revisions"}],"predecessor-version":[{"id":117714,"href":"https:\/\/www.fuldaernachrichten.de\/index.php?rest_route=\/wp\/v2\/posts\/117712\/revisions\/117714"}],"wp:attachment":[{"href":"https:\/\/www.fuldaernachrichten.de\/index.php?rest_route=%2Fwp%2Fv2%2Fmedia&parent=117712"}],"wp:term":[{"taxonomy":"category","embeddable":true,"href":"https:\/\/www.fuldaernachrichten.de\/index.php?rest_route=%2Fwp%2Fv2%2Fcategories&post=117712"},{"taxonomy":"post_tag","embeddable":true,"href":"https:\/\/www.fuldaernachrichten.de\/index.php?rest_route=%2Fwp%2Fv2%2Ftags&post=117712"}],"curies":[{"name":"wp","href":"https:\/\/api.w.org\/{rel}","templated":true}]}}