{"id":117709,"date":"2013-12-10T00:16:24","date_gmt":"2013-12-10T00:16:24","guid":{"rendered":"http:\/\/www.fuldaer-nachrichten.de\/?p=117709"},"modified":"2013-12-09T14:25:38","modified_gmt":"2013-12-09T14:25:38","slug":"caritas-abreiss-und-buchkalender-2014-verkauf-nur-solange-der-vorrat-reicht","status":"publish","type":"post","link":"https:\/\/www.fuldaernachrichten.de\/?p=117709","title":{"rendered":"Caritas-Abrei\u00df- und Buchkalender 2014 \u2013 Verkauf nur solange der Vorrat reicht!"},"content":{"rendered":"<p><b><a href=\"http:\/\/www.fuldaer-nachrichten.de\/wp-content\/uploads\/2013\/12\/zu-99-cs_Kalender_2014_Gruppe.jpg\"><img fetchpriority=\"high\" decoding=\"async\" class=\"alignleft size-thumbnail wp-image-117710\" alt=\"zu 99-cs_Kalender_2014_Gruppe\" src=\"http:\/\/www.fuldaer-nachrichten.de\/wp-content\/uploads\/2013\/12\/zu-99-cs_Kalender_2014_Gruppe-265x227.jpg\" width=\"265\" height=\"227\" srcset=\"https:\/\/www.fuldaernachrichten.de\/wp-content\/uploads\/2013\/12\/zu-99-cs_Kalender_2014_Gruppe-265x227.jpg 265w, https:\/\/www.fuldaernachrichten.de\/wp-content\/uploads\/2013\/12\/zu-99-cs_Kalender_2014_Gruppe.jpg 600w\" sizes=\"(max-width: 265px) 100vw, 265px\" \/><\/a>Fulda (cif).<\/b> Das Jahr 2014 steht unmittelbar bevor, und noch k\u00f6nnen Interessierte die neuen Caritas-Kalender 2014 erhalten. Vorr\u00e4tig ist sowohl noch der Abrei\u00dfkalender \u201eUnser t\u00e4glich Brot\u201c mit seinen wechselnden Kurzimpulsen aus der Heiligen Schrift, von Literaten und Philosophen, wie auch der umfassende Buchkalender mit seinen 160 lesenswerten Geschichten und Informationen zu Themen wie Garten, K\u00fcche, Haushalt oder Gesundheit. Der Buchkalender liegt allerdings nur noch in wenigen Restexemplaren vor. Der Abrei\u00dfkalender kostet im Einzelpreis 4,40 Euro, den Buchkalender gibt es f\u00fcr 5,50 Euro. Caritas-Kalender bekommt man am Weihnachtsmarktstand der Caritas-Behindertenhilfe auf dem Fuldaer\u00c2\u00a0 Universit\u00e4tsplatz. Zum Verkauf erh\u00e4ltlich sind die Kalender au\u00dferdem in der Gesch\u00e4ftsstelle beim Caritasverband f\u00fcr die Di\u00f6zese Fulda, Wilhelmstra\u00dfe 2, 36037 Fulda, Referat \u00d6ffentlichkeitsarbeit.<\/p>\n","protected":false},"excerpt":{"rendered":"<div class=\"tmnf_excerpt\"><p>Fulda (cif). Das Jahr 2014 steht unmittelbar bevor, und noch k\u00f6nnen Interessierte die neuen Caritas-Kalender 2014 erhalten. Vorr\u00e4tig ist sowohl noch der Abrei\u00dfkalender \u201eUnser t\u00e4glich Brot\u201c mit seinen wechselnden Kurzimpulsen aus der Heiligen Schrift, von Literaten und Philosophen, wie auch der umfassende Buchkalender mit seinen 160 lesenswerten Geschichten und Informationen zu Themen wie Garten, K\u00fcche, &hellip;<\/p>\n<\/div>","protected":false},"author":1,"featured_media":0,"comment_status":"closed","ping_status":"closed","sticky":false,"template":"","format":"standard","meta":{"footnotes":""},"categories":[1,50],"tags":[],"class_list":["post-117709","post","type-post","status-publish","format-standard","hentry","category-startseite","category-kirche"],"_links":{"self":[{"href":"https:\/\/www.fuldaernachrichten.de\/index.php?rest_route=\/wp\/v2\/posts\/117709","targetHints":{"allow":["GET"]}}],"collection":[{"href":"https:\/\/www.fuldaernachrichten.de\/index.php?rest_route=\/wp\/v2\/posts"}],"about":[{"href":"https:\/\/www.fuldaernachrichten.de\/index.php?rest_route=\/wp\/v2\/types\/post"}],"author":[{"embeddable":true,"href":"https:\/\/www.fuldaernachrichten.de\/index.php?rest_route=\/wp\/v2\/users\/1"}],"replies":[{"embeddable":true,"href":"https:\/\/www.fuldaernachrichten.de\/index.php?rest_route=%2Fwp%2Fv2%2Fcomments&post=117709"}],"version-history":[{"count":1,"href":"https:\/\/www.fuldaernachrichten.de\/index.php?rest_route=\/wp\/v2\/posts\/117709\/revisions"}],"predecessor-version":[{"id":117711,"href":"https:\/\/www.fuldaernachrichten.de\/index.php?rest_route=\/wp\/v2\/posts\/117709\/revisions\/117711"}],"wp:attachment":[{"href":"https:\/\/www.fuldaernachrichten.de\/index.php?rest_route=%2Fwp%2Fv2%2Fmedia&parent=117709"}],"wp:term":[{"taxonomy":"category","embeddable":true,"href":"https:\/\/www.fuldaernachrichten.de\/index.php?rest_route=%2Fwp%2Fv2%2Fcategories&post=117709"},{"taxonomy":"post_tag","embeddable":true,"href":"https:\/\/www.fuldaernachrichten.de\/index.php?rest_route=%2Fwp%2Fv2%2Ftags&post=117709"}],"curies":[{"name":"wp","href":"https:\/\/api.w.org\/{rel}","templated":true}]}}