{"id":117695,"date":"2013-12-10T00:11:52","date_gmt":"2013-12-10T00:11:52","guid":{"rendered":"http:\/\/www.fuldaer-nachrichten.de\/?p=117695"},"modified":"2013-12-09T14:15:30","modified_gmt":"2013-12-09T14:15:30","slug":"friedenslicht-im-trauerzentrum-abholbereit","status":"publish","type":"post","link":"https:\/\/www.fuldaernachrichten.de\/?p=117695","title":{"rendered":"Friedenslicht im Trauerzentrum abholbereit"},"content":{"rendered":"<p>Fulda. Seit Bestehen des Trauerzentrums Rh\u00f6nstra\u00dfe 8 wird von einer Ehrenamtlichen das Friedenslicht von Bethlehem geholt und zur Abholung bereitgestellt. Im letzten Jahr kam es leider nicht \u00fcber den Bahnweg nach Hanau. Es ist zu hoffen, dass es in diesem Jahr die H\u00fcrden der B\u00fcrokratie und wohlbeh\u00fctet seinen Weg findet. In diesem Jahr wird mit der Aktion an die Erkl\u00e4rung der UN- Menschenrechte vor 65 Jahren erinnert.<br \/>\nDieses Licht wird ab Montag, 16. Dezember zu den \u00d6ffnungszeiten montags und mittwochs von 10.00 \u2013 13.00 Uhr und dienstags von 10 \u2013 12 und von 14.-16 Uhr bereitstehen. Ein wei\u00dfes Windlicht mit dem Logo der Aktion steht bereit oder kann im Internet unter www.trauern-warum-allein.de heruntergeladen werden. Die Banderole kann auch auf dem Postweg gegen einen R\u00fcckumschlag mit 0,58 \u00e2\u201a\u00ac mit versehen mit der eigenen Adresse unter B\u00fcro f\u00fcr Trauerarbeit Rh\u00f6nstra\u00dfe 8, 63 450 Hanau bestellt werden.<\/p>\n","protected":false},"excerpt":{"rendered":"<div class=\"tmnf_excerpt\"><p>Fulda. Seit Bestehen des Trauerzentrums Rh\u00f6nstra\u00dfe 8 wird von einer Ehrenamtlichen das Friedenslicht von Bethlehem geholt und zur Abholung bereitgestellt. Im letzten Jahr kam es leider nicht \u00fcber den Bahnweg nach Hanau. Es ist zu hoffen, dass es in diesem Jahr die H\u00fcrden der B\u00fcrokratie und wohlbeh\u00fctet seinen Weg findet. In diesem Jahr wird mit &hellip;<\/p>\n<\/div>","protected":false},"author":1,"featured_media":0,"comment_status":"closed","ping_status":"closed","sticky":false,"template":"","format":"standard","meta":{"footnotes":""},"categories":[1],"tags":[],"class_list":["post-117695","post","type-post","status-publish","format-standard","hentry","category-startseite"],"_links":{"self":[{"href":"https:\/\/www.fuldaernachrichten.de\/index.php?rest_route=\/wp\/v2\/posts\/117695","targetHints":{"allow":["GET"]}}],"collection":[{"href":"https:\/\/www.fuldaernachrichten.de\/index.php?rest_route=\/wp\/v2\/posts"}],"about":[{"href":"https:\/\/www.fuldaernachrichten.de\/index.php?rest_route=\/wp\/v2\/types\/post"}],"author":[{"embeddable":true,"href":"https:\/\/www.fuldaernachrichten.de\/index.php?rest_route=\/wp\/v2\/users\/1"}],"replies":[{"embeddable":true,"href":"https:\/\/www.fuldaernachrichten.de\/index.php?rest_route=%2Fwp%2Fv2%2Fcomments&post=117695"}],"version-history":[{"count":1,"href":"https:\/\/www.fuldaernachrichten.de\/index.php?rest_route=\/wp\/v2\/posts\/117695\/revisions"}],"predecessor-version":[{"id":117696,"href":"https:\/\/www.fuldaernachrichten.de\/index.php?rest_route=\/wp\/v2\/posts\/117695\/revisions\/117696"}],"wp:attachment":[{"href":"https:\/\/www.fuldaernachrichten.de\/index.php?rest_route=%2Fwp%2Fv2%2Fmedia&parent=117695"}],"wp:term":[{"taxonomy":"category","embeddable":true,"href":"https:\/\/www.fuldaernachrichten.de\/index.php?rest_route=%2Fwp%2Fv2%2Fcategories&post=117695"},{"taxonomy":"post_tag","embeddable":true,"href":"https:\/\/www.fuldaernachrichten.de\/index.php?rest_route=%2Fwp%2Fv2%2Ftags&post=117695"}],"curies":[{"name":"wp","href":"https:\/\/api.w.org\/{rel}","templated":true}]}}