{"id":117689,"date":"2013-12-09T00:23:14","date_gmt":"2013-12-09T00:23:14","guid":{"rendered":"http:\/\/www.fuldaer-nachrichten.de\/?p=117689"},"modified":"2013-12-09T08:23:41","modified_gmt":"2013-12-09T08:23:41","slug":"frauenwoche-2014-planung-hat-begonnen","status":"publish","type":"post","link":"https:\/\/www.fuldaernachrichten.de\/?p=117689","title":{"rendered":"Frauenwoche 2014: Planung hat begonnen"},"content":{"rendered":"<p>Vogelsbergkreis. Die Gleichstellungs- und Migrationsbeauftragte des Kreisausschusses, Magdalena Pitzer, begr\u00fc\u00dfte am Mittwoch die Mitglieder des Vogelsberger Frauennetzwerks zum ersten Vorbereitungstreffen f\u00fcr die Frauenwoche 2014. Am Weltfrauentag soll diesmal ein gemeinsames Fest aller Frauengruppen im Alsfelder Rambachhaus stattfinden, mit Essen, Trinken, Gesang und Tanz. F\u00fcr die Tanzanimation wird Barbara Heinz sorgen, an der Ausgestaltung des Frauenfestes wird noch weiter gearbeitet.<!--more--><\/p>\n<p>Auch um den 8. M\u00e4rz herum wird es wieder ein abwechslungsreiches Programm geben, einige Einzelveranstaltungen stehen schon jetzt fest. So zum Beispiel ein Frauen-Kino-Abend mit Sekt und Popcorn in Alsfeld, an dem der Dokumentarfilm \u201eT\u00f6chter des Aufbruchs\u201c gezeigt wird. Er erz\u00e4hlt die Geschichten von 15 Frauen aus verschiedenen L\u00e4ndern, die nach Deutschland eingewandert sind \u2013 f\u00fcr das Publikum gleichzeitig unterhaltend wie auch kritisch und aufschlussreich.<\/p>\n<p>Die Soroptimistinnen aus Lauterbach wollen einen Indischen Abend veranstalten, zu dem ein Vortrag \u00fcber Indien ebenso geh\u00f6rt wie eine Bollywood-Tanzgruppe und die passenden Speisen und Getr\u00e4nke. Zwei Frauenfr\u00fchst\u00fccke mit Tradition werden auch 2014 wieder stattfinden: das vom Frauencaf\u00e9 International und das der LandFrauen vom Bezirksverein Alsfeld. Und auch Cobra e.V. hat schon eine Veranstaltung angek\u00fcndigt.<\/p>\n<p>Beim n\u00e4chsten Treffen im Januar soll das komplette Programm f\u00fcr die Frauenwoche stehen, um einen gemeinsamen Flyer herausgeben zu k\u00f6nnen. Frauen, die noch mitmachen m\u00f6chten oder einen eigenen Beitrag zum Frauentag oder der Frauenwoche leisten wollen, melden sich bitte bei Magdalena Pitzer unter Telefon 06641 977-3410 oder per E-Mail an gleichstellungsbeauftragte@vogelsbergkreis.de.<\/p>\n","protected":false},"excerpt":{"rendered":"<div class=\"tmnf_excerpt\"><p>Vogelsbergkreis. Die Gleichstellungs- und Migrationsbeauftragte des Kreisausschusses, Magdalena Pitzer, begr\u00fc\u00dfte am Mittwoch die Mitglieder des Vogelsberger Frauennetzwerks zum ersten Vorbereitungstreffen f\u00fcr die Frauenwoche 2014. Am Weltfrauentag soll diesmal ein gemeinsames Fest aller Frauengruppen im Alsfelder Rambachhaus stattfinden, mit Essen, Trinken, Gesang und Tanz. F\u00fcr die Tanzanimation wird Barbara Heinz sorgen, an der Ausgestaltung des Frauenfestes &hellip;<\/p>\n<\/div>","protected":false},"author":1,"featured_media":0,"comment_status":"closed","ping_status":"closed","sticky":false,"template":"","format":"standard","meta":{"footnotes":""},"categories":[1],"tags":[],"class_list":["post-117689","post","type-post","status-publish","format-standard","hentry","category-startseite"],"_links":{"self":[{"href":"https:\/\/www.fuldaernachrichten.de\/index.php?rest_route=\/wp\/v2\/posts\/117689","targetHints":{"allow":["GET"]}}],"collection":[{"href":"https:\/\/www.fuldaernachrichten.de\/index.php?rest_route=\/wp\/v2\/posts"}],"about":[{"href":"https:\/\/www.fuldaernachrichten.de\/index.php?rest_route=\/wp\/v2\/types\/post"}],"author":[{"embeddable":true,"href":"https:\/\/www.fuldaernachrichten.de\/index.php?rest_route=\/wp\/v2\/users\/1"}],"replies":[{"embeddable":true,"href":"https:\/\/www.fuldaernachrichten.de\/index.php?rest_route=%2Fwp%2Fv2%2Fcomments&post=117689"}],"version-history":[{"count":1,"href":"https:\/\/www.fuldaernachrichten.de\/index.php?rest_route=\/wp\/v2\/posts\/117689\/revisions"}],"predecessor-version":[{"id":117690,"href":"https:\/\/www.fuldaernachrichten.de\/index.php?rest_route=\/wp\/v2\/posts\/117689\/revisions\/117690"}],"wp:attachment":[{"href":"https:\/\/www.fuldaernachrichten.de\/index.php?rest_route=%2Fwp%2Fv2%2Fmedia&parent=117689"}],"wp:term":[{"taxonomy":"category","embeddable":true,"href":"https:\/\/www.fuldaernachrichten.de\/index.php?rest_route=%2Fwp%2Fv2%2Fcategories&post=117689"},{"taxonomy":"post_tag","embeddable":true,"href":"https:\/\/www.fuldaernachrichten.de\/index.php?rest_route=%2Fwp%2Fv2%2Ftags&post=117689"}],"curies":[{"name":"wp","href":"https:\/\/api.w.org\/{rel}","templated":true}]}}