{"id":117672,"date":"2013-12-09T08:03:07","date_gmt":"2013-12-09T08:03:07","guid":{"rendered":"http:\/\/www.fuldaer-nachrichten.de\/?p=117672"},"modified":"2013-12-09T08:03:07","modified_gmt":"2013-12-09T08:03:07","slug":"studierende-des-kirchenmusikinstituts-des-bistums-fulda-ueberzeugten-mit-anspruchsvollem-programm","status":"publish","type":"post","link":"https:\/\/www.fuldaernachrichten.de\/?p=117672","title":{"rendered":"Studierende des Kirchenmusikinstituts des Bistums Fulda \u00fcberzeugten mit anspruchsvollem Programm"},"content":{"rendered":"<p><a href=\"http:\/\/www.fuldaer-nachrichten.de\/wp-content\/uploads\/2013\/12\/Pressebild-KMI-Studierende.jpg\"><img decoding=\"async\" class=\"alignleft size-thumbnail wp-image-117673\" alt=\"Pressebild KMI Studierende\" src=\"http:\/\/www.fuldaer-nachrichten.de\/wp-content\/uploads\/2013\/12\/Pressebild-KMI-Studierende-265x184.jpg\" width=\"265\" height=\"184\" srcset=\"https:\/\/www.fuldaernachrichten.de\/wp-content\/uploads\/2013\/12\/Pressebild-KMI-Studierende-265x184.jpg 265w, https:\/\/www.fuldaernachrichten.de\/wp-content\/uploads\/2013\/12\/Pressebild-KMI-Studierende.jpg 600w\" sizes=\"(max-width: 265px) 100vw, 265px\" \/><\/a>Fulda. Mittlerweile ist es eine gute Tradition, dass das Dezemberkonzert der Fuldaer Orgelb\u00fchne von Studierenden der Orgelklassen Moormann und L\u00f6bens des Kirchenmusikinstituts im Bistum Fulda gestaltet wird, dessen Kooperation mit der Winfriedschule dadurch in besonders sch\u00f6ner Weise zum Ausdruck kommt. Die Auff\u00fchrenden boten ein vielf\u00e4ltiges Programm sowohl im Hinblick auf Epochen und Stile als auch auf die Kombinationen der unterschiedlichen Instrumente.<!--more--><\/p>\n<p>Adventlich er\u00f6ffneten Christina Moormann (Oboe) und Anton L\u00f6bens (Orgel) den Abend mit Bachs Choral \u201eWachet auf, ruft uns die Stimme\u201c. Drei Choralvorspiele des barocken Meisters f\u00fcr Orgel solo pr\u00e4sentierte David K\u00f6lzner der historischen Schulorgel entsprechend in romantisierendem Legato-Stil. Dabei stellte K\u00f6lzner souver\u00e4ne Spieltechnik und ausgereifte Tempogestaltung unter Beweis. Ebenso \u00fcberzeugend brillierte Erik Reinhardt am Klavier. Hatte dieser bei Bach bereits klare Artikulation und Tempof\u00fchrung bewiesen, so zeigte er bei Schuberts bekanntem Impromptu op. 142, Nr. 3, dass er nicht nur Ausdauer auf den Tasten hat, sondern auch ein beeindruckendes Gesp\u00fcr f\u00fcr Melodiegestaltung, Phrasierung und romantische Klangfarben. Mit mehreren musikalischen Glanzlichtern konnte Maria L\u00f6bens begeistern.<\/p>\n<p>Auf gleichbleibend hohem Niveau \u00fcberzeugte sie auf der Oboe mit zwei Romanzen von Schumann und auf dem Klavier mit technisch h\u00f6chst anspruchsvollen Chopin-Et\u00fcden und Bart\u00c3\u00b3ks Sonatine f\u00fcr Klavier, die durch starke Kontraste und kraftvolle Akkorde herausforderte. Musikalisches Einf\u00fchlungsverm\u00f6gen und gutes Zusammenspiel zeigte Maria L\u00f6bens auch bei der Klavierbegleitung ihres j\u00fcngeren Bruders Anton L\u00f6bens, der seinen warmen und intonationssicheren Cello-Ton bei Saint-Saens \u201eSchwan\u201c aus dem Karneval der Tiere unter Beweis stellte sowie bei Max Bruchs \u201eKol Nidrei\u201c op. 47, wo er auch bei schnellen L\u00e4ufen die Nerven behielt.<\/p>\n<p>Zwei Duos f\u00fcr Orgel und Klavier (Nr. 2 \u201eAllegro cantabile\u201c und Nr. 5 \u201eSerenade\u201c) des franz\u00f6sischen Organisten und Komponisten Charles Marie Widor machten sehr reizvoll die Kombinationsm\u00f6glichkeiten des flexiblen Klavierklangs mit dem fl\u00e4chigen und ruhigen Klangteppich der romantischen Orgel h\u00f6rbar. Rebecca G\u00f6b nutzte dabei den Generalschweller aus drehbaren gl\u00e4sernen Lamellen f\u00fcr besonders klangsch\u00f6ne dynamische Effekte der Orgel. Einen besonderen Reiz hatte das Trio der drei j\u00fcngsten Mitwirkenden des Abends: Bei Gordon Youngs \u201ePrelude in classic Style\u201c boten Christina Moormann (Orgel), ihre j\u00fcngere Schwester Johanna (Cello) und Selina-Madeleine Plappert (Klavier) nicht nur einen erfrischend jungen H\u00f6reindruck, sondern auch ein bestechend charmantes Bild, das dem Publikum ein unwillk\u00fcrliches entz\u00fccktes Schmunzeln entlockte.<\/p>\n<p>Die hohe Qualit\u00e4t der Beitr\u00e4ge wurden mit begeistertem Applaus der Zuh\u00f6rer belohnt. Mit berechtigtem Stolz konnte Moormann den Nachwuchstalenten musikalische Sattelfestigkeit in noch ungewohnten Auff\u00fchrungssituationen bescheinigen. Er freue sich \u00fcber diesen Erfolg und werde mit seinem Kollegen L\u00f6bens auch im n\u00e4chsten Jahr gerne wieder in der Winfriedschule zu Gast sein. Die 1. Vorsitzende, Verena Seuring, dankte im Namen des Vereins Fuldaer Orgelb\u00fchne allen Ausf\u00fchrenden mit einem Nikolaus-Pr\u00e4sent f\u00fcr das gelungene Konzert. (Johannes Haubs)<\/p>\n","protected":false},"excerpt":{"rendered":"<div class=\"tmnf_excerpt\"><p>Fulda. Mittlerweile ist es eine gute Tradition, dass das Dezemberkonzert der Fuldaer Orgelb\u00fchne von Studierenden der Orgelklassen Moormann und L\u00f6bens des Kirchenmusikinstituts im Bistum Fulda gestaltet wird, dessen Kooperation mit der Winfriedschule dadurch in besonders sch\u00f6ner Weise zum Ausdruck kommt. Die Auff\u00fchrenden boten ein vielf\u00e4ltiges Programm sowohl im Hinblick auf Epochen und Stile als auch &hellip;<\/p>\n<\/div>","protected":false},"author":1,"featured_media":0,"comment_status":"closed","ping_status":"closed","sticky":false,"template":"","format":"standard","meta":{"footnotes":""},"categories":[1,44],"tags":[],"class_list":["post-117672","post","type-post","status-publish","format-standard","hentry","category-startseite","category-kultur"],"_links":{"self":[{"href":"https:\/\/www.fuldaernachrichten.de\/index.php?rest_route=\/wp\/v2\/posts\/117672","targetHints":{"allow":["GET"]}}],"collection":[{"href":"https:\/\/www.fuldaernachrichten.de\/index.php?rest_route=\/wp\/v2\/posts"}],"about":[{"href":"https:\/\/www.fuldaernachrichten.de\/index.php?rest_route=\/wp\/v2\/types\/post"}],"author":[{"embeddable":true,"href":"https:\/\/www.fuldaernachrichten.de\/index.php?rest_route=\/wp\/v2\/users\/1"}],"replies":[{"embeddable":true,"href":"https:\/\/www.fuldaernachrichten.de\/index.php?rest_route=%2Fwp%2Fv2%2Fcomments&post=117672"}],"version-history":[{"count":1,"href":"https:\/\/www.fuldaernachrichten.de\/index.php?rest_route=\/wp\/v2\/posts\/117672\/revisions"}],"predecessor-version":[{"id":117674,"href":"https:\/\/www.fuldaernachrichten.de\/index.php?rest_route=\/wp\/v2\/posts\/117672\/revisions\/117674"}],"wp:attachment":[{"href":"https:\/\/www.fuldaernachrichten.de\/index.php?rest_route=%2Fwp%2Fv2%2Fmedia&parent=117672"}],"wp:term":[{"taxonomy":"category","embeddable":true,"href":"https:\/\/www.fuldaernachrichten.de\/index.php?rest_route=%2Fwp%2Fv2%2Fcategories&post=117672"},{"taxonomy":"post_tag","embeddable":true,"href":"https:\/\/www.fuldaernachrichten.de\/index.php?rest_route=%2Fwp%2Fv2%2Ftags&post=117672"}],"curies":[{"name":"wp","href":"https:\/\/api.w.org\/{rel}","templated":true}]}}