{"id":117662,"date":"2013-12-09T07:39:40","date_gmt":"2013-12-09T07:39:40","guid":{"rendered":"http:\/\/www.fuldaer-nachrichten.de\/?p=117662"},"modified":"2013-12-09T07:39:40","modified_gmt":"2013-12-09T07:39:40","slug":"einmal-bruessel-und-zurueck-praktikum-bei-der-europaeischen-union","status":"publish","type":"post","link":"https:\/\/www.fuldaernachrichten.de\/?p=117662","title":{"rendered":"Einmal Br\u00fcssel und zur\u00fcck &#8211; Praktikum bei der Europ\u00e4ischen Union"},"content":{"rendered":"<p>Fulda. Die Europ\u00e4ische Union hat in den vergangenen Jahren immer mehr Mitglieder gewonnen, zunehmenden Einfluss geltend gemacht und wichtige Entscheidungskompetenzen auf sich vereint \u2013 und dennoch ist sie f\u00fcr viele B\u00fcrger ein Ph\u00e4nomen, das vor allem in Br\u00fcssel und Stra\u00dfburg stattfindet. Ein Praktikum bei einem der verschiedenen EU-Organe kann diese Meinung revidieren und eine neue Perspektive auf die europ\u00e4ische Idee erm\u00f6glichen.<!--more--><\/p>\n<p>Jedes Jahr kommen Tausende junger Leute nach Br\u00fcssel, um im Europ\u00e4ischen Parlament, in den verschiedenen Landesvertretungen und Botschaften oder bei der Kommission ein Praktikum zu absolvieren. In den Caf\u00e9s und an den Stra\u00dfenecken der \u201eeurop\u00e4ischen Hauptstadt\u201c werden die verschiedensten Sprachen gesprochen und das Publikum ist bunt gemischt \u2013 von Abgeordneten \u00fcber Assistenten bis hin zu Praktikanten. In Br\u00fcssel kommen unterschiedliche Menschen zusammen, um gemeinsam an der europ\u00e4ischen Idee zu arbeiten und sie umzusetzen.<\/p>\n<p>Zu Beginn eines Praktikums ist die gesamte EU-Welt sicher f\u00fcr die Meisten faszinierend und aufgrund der Bedeutung vielleicht auch etwas einsch\u00fcchternd. Doch es dauert nicht lange, bis man sich in den vielf\u00e4ltigen Tagesablauf integriert hat. Besonders ein Praktikum im Europ\u00e4ischen Parlament kann gute Einblicke in die Arbeit der EU bieten. Wer mit wachem Verstand und Interesse sein Praktikum absolviert, kann dort viel lernen \u2013 sowohl was die politische Arbeitsweise der EU als auch die verschiedenen Kulturen, die sich in der Union wiederfinden, angeht. Unter dem Dach des Europ\u00e4ischen Parlaments finden s\u00e4mtliche EU-Abgeordnete aus den 28 Mitgliedstaaten Platz und arbeiten gemeinsam. Da ist es nur logisch, dass verschiedene Sprachen, unterschiedliche kulturelle Einstellungen und vielf\u00e4ltige Positionen aufeinandertreffen. In den vielen Aussch\u00fcssen, Arbeitskreisen und anderen Gruppen werden schlie\u00dflich gemeinsam Entscheidungen getroffen.<\/p>\n<p>Doch auch au\u00dferhalb des Parlaments gibt es in Br\u00fcssel viel zu sehen. Die belgische Hauptstadt ist durch die vielen verschiedenen Einfl\u00fcsse sehr offen und multikulturell. Auch wenn die \u201eEU-Bubble\u201c, wie sie von den meisten genannt wird, ein relativ in sich geschlossener Ort ist, kann man in Br\u00fcssel viel erleben und die Welt der Europ\u00e4ischen Union bei einem Spaziergang durch die Stra\u00dfen\u00c2\u00a0 der Stadt ohne Probleme verlassen.<\/p>\n<p>Ein Praktikum im Europ\u00e4ischen Parlament erm\u00f6glicht es besonders jungen Leuten, einen neuen Blick auf die Geschehnisse in Br\u00fcssel zu erlangen, die Entscheidungsprozesse der EU besser zu verstehen und selbst f\u00fcr ein gemeinsames Europa, das unser aller t\u00e4gliches Leben ma\u00dfgeblich mitgestaltet, aktiv zu werden. Und auch im Hinblick auf die Europawahl im kommenden Fr\u00fchling ist es gut zu wissen, dass die EU \u2013 trotz sich hartn\u00e4ckig haltender Ger\u00fcchte \u2013 nicht nur mit Entscheidungen \u00fcber den Kr\u00fcmmungsgrad von Gurken betraut ist.<\/p>\n","protected":false},"excerpt":{"rendered":"<div class=\"tmnf_excerpt\"><p>Fulda. Die Europ\u00e4ische Union hat in den vergangenen Jahren immer mehr Mitglieder gewonnen, zunehmenden Einfluss geltend gemacht und wichtige Entscheidungskompetenzen auf sich vereint \u2013 und dennoch ist sie f\u00fcr viele B\u00fcrger ein Ph\u00e4nomen, das vor allem in Br\u00fcssel und Stra\u00dfburg stattfindet. Ein Praktikum bei einem der verschiedenen EU-Organe kann diese Meinung revidieren und eine neue &hellip;<\/p>\n<\/div>","protected":false},"author":1,"featured_media":0,"comment_status":"closed","ping_status":"closed","sticky":false,"template":"","format":"standard","meta":{"footnotes":""},"categories":[1,53],"tags":[],"class_list":["post-117662","post","type-post","status-publish","format-standard","hentry","category-startseite","category-bildung"],"_links":{"self":[{"href":"https:\/\/www.fuldaernachrichten.de\/index.php?rest_route=\/wp\/v2\/posts\/117662","targetHints":{"allow":["GET"]}}],"collection":[{"href":"https:\/\/www.fuldaernachrichten.de\/index.php?rest_route=\/wp\/v2\/posts"}],"about":[{"href":"https:\/\/www.fuldaernachrichten.de\/index.php?rest_route=\/wp\/v2\/types\/post"}],"author":[{"embeddable":true,"href":"https:\/\/www.fuldaernachrichten.de\/index.php?rest_route=\/wp\/v2\/users\/1"}],"replies":[{"embeddable":true,"href":"https:\/\/www.fuldaernachrichten.de\/index.php?rest_route=%2Fwp%2Fv2%2Fcomments&post=117662"}],"version-history":[{"count":1,"href":"https:\/\/www.fuldaernachrichten.de\/index.php?rest_route=\/wp\/v2\/posts\/117662\/revisions"}],"predecessor-version":[{"id":117663,"href":"https:\/\/www.fuldaernachrichten.de\/index.php?rest_route=\/wp\/v2\/posts\/117662\/revisions\/117663"}],"wp:attachment":[{"href":"https:\/\/www.fuldaernachrichten.de\/index.php?rest_route=%2Fwp%2Fv2%2Fmedia&parent=117662"}],"wp:term":[{"taxonomy":"category","embeddable":true,"href":"https:\/\/www.fuldaernachrichten.de\/index.php?rest_route=%2Fwp%2Fv2%2Fcategories&post=117662"},{"taxonomy":"post_tag","embeddable":true,"href":"https:\/\/www.fuldaernachrichten.de\/index.php?rest_route=%2Fwp%2Fv2%2Ftags&post=117662"}],"curies":[{"name":"wp","href":"https:\/\/api.w.org\/{rel}","templated":true}]}}