{"id":117659,"date":"2013-12-09T07:38:41","date_gmt":"2013-12-09T07:38:41","guid":{"rendered":"http:\/\/www.fuldaer-nachrichten.de\/?p=117659"},"modified":"2013-12-09T07:38:41","modified_gmt":"2013-12-09T07:38:41","slug":"von-der-fusspflege-zur-podologie-praxis-fuss-bein-feiert-25-jaehriges-jubilaeum","status":"publish","type":"post","link":"https:\/\/www.fuldaernachrichten.de\/?p=117659","title":{"rendered":"Von der Fu\u00dfpflege zur Podologie: Praxis Fu\u00df &#038; Bein feiert 25-j\u00e4hriges Jubil\u00e4um"},"content":{"rendered":"<div id=\"attachment_117660\" style=\"width: 275px\" class=\"wp-caption alignleft\"><a href=\"http:\/\/www.fuldaer-nachrichten.de\/wp-content\/uploads\/2013\/12\/131206_Podologie.jpg\"><img decoding=\"async\" aria-describedby=\"caption-attachment-117660\" class=\"size-thumbnail wp-image-117660\" alt=\"Das Team der Praxis Fu\u00df und Bein (v.li.): Katarina Roder, Gabriele Nowatzki, Anne Reinhard, Natalia Sch\u00fc\u00dfler\" src=\"http:\/\/www.fuldaer-nachrichten.de\/wp-content\/uploads\/2013\/12\/131206_Podologie-265x176.jpg\" width=\"265\" height=\"176\" srcset=\"https:\/\/www.fuldaernachrichten.de\/wp-content\/uploads\/2013\/12\/131206_Podologie-265x176.jpg 265w, https:\/\/www.fuldaernachrichten.de\/wp-content\/uploads\/2013\/12\/131206_Podologie.jpg 600w\" sizes=\"(max-width: 265px) 100vw, 265px\" \/><\/a><p id=\"caption-attachment-117660\" class=\"wp-caption-text\">Das Team der Praxis Fu\u00df und Bein (v.li.): Katarina Roder, Gabriele Nowatzki, Anne Reinhard, Natalia Sch\u00fc\u00dfler<\/p><\/div>\n<p>Fulda. Jubil\u00e4um in Neuenberg: Seit 25 Jahren widmet sich Katarina Roder der professionellen kosmetischen und medizinischen Fu\u00dfpflege. Im Herbst 1988\u00c2\u00a0 er\u00f6ffnete die geb\u00fcrtige Nordrhein-Westf\u00e4lin ihre Praxis \u201eFu\u00df &amp; Bein\u201c, die sich schnell zur Anlaufstelle f\u00fcr Menschen mit Fu\u00dfproblemen entwickelte.<\/p>\n<p>Um neben der kosmetischen auch eine pr\u00e4ventive, therapeutische und rehabilitative Behandlung am Fu\u00df durchf\u00fchren zu d\u00fcrfen, absolvierte Katarina Roder, die ihre Laufbahn als Arzthelferin begann, eine zweij\u00e4hrige Ausbildung zur medizinischen Fu\u00dfpflegerin sowie zur staatlich anerkannten Podologin. Es folgten die Weiterbildung zur Wundberaterin sowie die Fortbildung zur Hygienebeauftragten in der podologischen Praxis. Seit dem Jahr 2003 ist die Praxis \u201eFu\u00df und Bein\u201c von den Krankenkassen anerkannt.<!--more--><\/p>\n<p>Aufgrund der Spezialisierung auf die Behandlung des diabetischen Fu\u00dfsyndroms besteht eine enge Zusammenarbeit mit dem Diabetesnetz Osthessen und der Fu\u00dfambulanz am Herz-Jesu-Krankenhaus. Am dortigen Gesundheitszentrum betreibt die 55-J\u00e4hrige seit sieben Jahren eine zweite Praxis. Zum Team geh\u00f6ren inzwischen drei festangestellte Mitarbeiterinnen sowie aktuell zwei Podologen-Praktikantinnen.<\/p>\n<p>\u201eF\u00fcr mich ist die medizinische Fu\u00dfpflege kein Job, sondern eine Berufung\u201c, erkl\u00e4rt Katarina Roder. \u201eDer Erfolg, wenn ein Fu\u00df gut abheilt, und die Dankbarkeit der Kunden geben extrem viel Kraft und Motivation.\u201c Zeit, das 25-j\u00e4hrige Jubil\u00e4um zu feiern, bleibt kaum, denn das Podologen-Team ist von Montag bis Freitag von 8 bis 18 Uhr f\u00fcr die Kunden da. \u201eVerst\u00e4rkung w\u00e4re sch\u00f6n\u201c, sagt Katarina Roder, die auch Lehrlinge ausbildet und gerne eine weitere staatliche gepr\u00fcfte Podologin in ihr Team aufnehmen w\u00fcrde. Telefonisch erreichbar ist die Praxis unter 0661-73455 oder im Internet unter <a href=\"http:\/\/www.fuss-und-bein.de\">www.fuss-und-bein.de<\/a><\/p>\n","protected":false},"excerpt":{"rendered":"<div class=\"tmnf_excerpt\"><p>Fulda. Jubil\u00e4um in Neuenberg: Seit 25 Jahren widmet sich Katarina Roder der professionellen kosmetischen und medizinischen Fu\u00dfpflege. Im Herbst 1988\u00c2\u00a0 er\u00f6ffnete die geb\u00fcrtige Nordrhein-Westf\u00e4lin ihre Praxis \u201eFu\u00df &amp; Bein\u201c, die sich schnell zur Anlaufstelle f\u00fcr Menschen mit Fu\u00dfproblemen entwickelte. Um neben der kosmetischen auch eine pr\u00e4ventive, therapeutische und rehabilitative Behandlung am Fu\u00df durchf\u00fchren zu d\u00fcrfen, &hellip;<\/p>\n<\/div>","protected":false},"author":1,"featured_media":0,"comment_status":"closed","ping_status":"closed","sticky":false,"template":"","format":"standard","meta":{"footnotes":""},"categories":[1,51],"tags":[],"class_list":["post-117659","post","type-post","status-publish","format-standard","hentry","category-startseite","category-medizin"],"_links":{"self":[{"href":"https:\/\/www.fuldaernachrichten.de\/index.php?rest_route=\/wp\/v2\/posts\/117659","targetHints":{"allow":["GET"]}}],"collection":[{"href":"https:\/\/www.fuldaernachrichten.de\/index.php?rest_route=\/wp\/v2\/posts"}],"about":[{"href":"https:\/\/www.fuldaernachrichten.de\/index.php?rest_route=\/wp\/v2\/types\/post"}],"author":[{"embeddable":true,"href":"https:\/\/www.fuldaernachrichten.de\/index.php?rest_route=\/wp\/v2\/users\/1"}],"replies":[{"embeddable":true,"href":"https:\/\/www.fuldaernachrichten.de\/index.php?rest_route=%2Fwp%2Fv2%2Fcomments&post=117659"}],"version-history":[{"count":1,"href":"https:\/\/www.fuldaernachrichten.de\/index.php?rest_route=\/wp\/v2\/posts\/117659\/revisions"}],"predecessor-version":[{"id":117661,"href":"https:\/\/www.fuldaernachrichten.de\/index.php?rest_route=\/wp\/v2\/posts\/117659\/revisions\/117661"}],"wp:attachment":[{"href":"https:\/\/www.fuldaernachrichten.de\/index.php?rest_route=%2Fwp%2Fv2%2Fmedia&parent=117659"}],"wp:term":[{"taxonomy":"category","embeddable":true,"href":"https:\/\/www.fuldaernachrichten.de\/index.php?rest_route=%2Fwp%2Fv2%2Fcategories&post=117659"},{"taxonomy":"post_tag","embeddable":true,"href":"https:\/\/www.fuldaernachrichten.de\/index.php?rest_route=%2Fwp%2Fv2%2Ftags&post=117659"}],"curies":[{"name":"wp","href":"https:\/\/api.w.org\/{rel}","templated":true}]}}