{"id":117646,"date":"2013-12-09T07:32:15","date_gmt":"2013-12-09T07:32:15","guid":{"rendered":"http:\/\/www.fuldaer-nachrichten.de\/?p=117646"},"modified":"2013-12-09T07:32:15","modified_gmt":"2013-12-09T07:32:15","slug":"alte-graeber-neue-buecher-spannender-vortrag-vor-ueber-100-besuchern-im-vonderau-museum","status":"publish","type":"post","link":"https:\/\/www.fuldaernachrichten.de\/?p=117646","title":{"rendered":"Alte Gr\u00e4ber, neue B\u00fccher: Spannender Vortrag vor \u00fcber 100 Besuchern im Vonderau Museum"},"content":{"rendered":"<p><a href=\"http:\/\/www.fuldaer-nachrichten.de\/wp-content\/uploads\/2013\/12\/Verse.jpg\"><img fetchpriority=\"high\" decoding=\"async\" class=\"alignleft size-thumbnail wp-image-117647\" alt=\"Verse\" src=\"http:\/\/www.fuldaer-nachrichten.de\/wp-content\/uploads\/2013\/12\/Verse-265x198.jpg\" width=\"265\" height=\"198\" srcset=\"https:\/\/www.fuldaernachrichten.de\/wp-content\/uploads\/2013\/12\/Verse-265x198.jpg 265w, https:\/\/www.fuldaernachrichten.de\/wp-content\/uploads\/2013\/12\/Verse.jpg 600w\" sizes=\"(max-width: 265px) 100vw, 265px\" \/><\/a>Fulda. Auf Einladung des Fuldaer Geschichtsvereins hielt der Stadt- und Kreisarch\u00e4ologe Dr. Frank Verse einen Vortrag anl\u00e4sslich des 150. Geburtstags des Fuldaer Ehrenb\u00fcrgers Prof. Joseph Vonderau (1863-1951). In der mit \u00fcber 100 Zuh\u00f6rern sehr gut besuchten Kapelle des Vonderau Museums stellte Verse zuerst den Privatmann Vonderau vor. Man erfuhr, dass dieser ein guter Sch\u00fcler war, der lediglich beim Turnen etwas abfiel. Auch Gegenst\u00e4nde aus Vonderaus pers\u00f6nlichem Besitz, wie etwa ein kleiner silberner Spaten, den er von seinen Kindern zum 80. Geburtstag geschenkt bekam, wurden n\u00e4her erl\u00e4utert. <!--more--><\/p>\n<p>Danach stellte Verse einige der zahlreichen Grabungen Vonderaus vor und legte besonderen Wert auf die Feststellung, dass diese noch heute die Basis der Vorgeschichtsforschung in Osthessen bilden. In Fulda f\u00fchrte Vonderau Grabungen in der Langebr\u00fcckenstra\u00dfe und dem Dombezirk durch. Er erforschte aber auch zahlreiche vorgeschichtliche Bodendenkm\u00e4ler, darunter Gr\u00e4berfeder und H\u00f6henbefestigungen. Auch auf der Milseburg unternahm er erfolgreiche Ausgrabungen, die uns noch heute vieles \u00fcber die Menschen der Eisenzeit berichten k\u00f6nnen.<\/p>\n<p>Durch die erfolgreiche Arbeit Vonderaus angeregt, fanden auch in der Folgezeit weitere Ausgrabungen im Fuldaer Land statt. So schlug Verse den Bogen bis in die Gegenwart. Heute kommen neue Techniken zum Einsatz, die Vonderau noch nicht zur Verf\u00fcgung standen. Schon im Vorfeld von Ausgrabungen werden geophysikalische Messungen und Laserscans durchgef\u00fchrt, deren erstaunliche Ergebnisse Verse am Beispiel der neuen Ausgrabungen am Tr\u00e4tzhof und in Burghaun erl\u00e4uterte. Bei dieser Gelegenheit stellte er auch erstmals die spektakul\u00e4ren Grabungsergebnisse bei der Untersuchung des mittelbronzezeitlichen Grabh\u00fcgels bei Burghaun vor. Das dabei gefundene Bronzeschwert besteht aus 92 % Kupfer, 7 % Zinn sowie Spuren von Arsen, Antimon und Blei, wie bei Analysen im Materialpr\u00fcflabor der Firma Jumo festgestellt wurde.<\/p>\n<p>Im Anschluss an den Vortrag pr\u00e4sentierte Verse das neu erschienene Buch \u201eN\u00f6rdliche Rh\u00f6n. Auf alten Wegen durch die Vor- und Fr\u00fchgeschichte\u201c, das er zusammen mit seinem Th\u00fcringer Kollegen Dr. Grasselt verfasst hat. In diesem Kulturf\u00fchrer zur Vor- und Fr\u00fchgeschichte stellen die Autoren in leicht lesbarer Form die Bodendenkm\u00e4ler zwischen L\u00fcder- und Feldatal vor. Der reich bebilderte Band regt mit einer Mischung aus Landschaftsbildern, Fundaufnahmen und alten Skizzen zur Besch\u00e4ftigung mit der heimischen Vorgeschichte ein und weckt beim Leser die Lust auf Entdeckungstouren in der Rh\u00f6n.<\/p>\n<p>Am Ende nahmen die Zuh\u00f6rer noch die Gelegenheit wahr, die gerade laufende Sonderausstellung zu Joseph Vonderau in den Museumsr\u00e4umen zu besichtigen, wo viele der zuvor gezeigten Dokumente und Fundst\u00fccke im Original zu sehen waren. Frank Verse \/ Thomas Grasselt: N\u00f6rdliche Rh\u00f6n. Auf alten Wegen durch die Vor- und Fr\u00fchgeschichte, Hildesheim (Quelle &amp; Meyer) 2014. 232 Seiten, 168 farbige Abbildungen, 9 Karten, 1 Tabelle, kartoniert, Preis: 16,95 \u00e2\u201a\u00ac.<\/p>\n","protected":false},"excerpt":{"rendered":"<div class=\"tmnf_excerpt\"><p>Fulda. Auf Einladung des Fuldaer Geschichtsvereins hielt der Stadt- und Kreisarch\u00e4ologe Dr. Frank Verse einen Vortrag anl\u00e4sslich des 150. Geburtstags des Fuldaer Ehrenb\u00fcrgers Prof. Joseph Vonderau (1863-1951). In der mit \u00fcber 100 Zuh\u00f6rern sehr gut besuchten Kapelle des Vonderau Museums stellte Verse zuerst den Privatmann Vonderau vor. Man erfuhr, dass dieser ein guter Sch\u00fcler war, &hellip;<\/p>\n<\/div>","protected":false},"author":1,"featured_media":0,"comment_status":"closed","ping_status":"closed","sticky":false,"template":"","format":"standard","meta":{"footnotes":""},"categories":[1,44],"tags":[],"class_list":["post-117646","post","type-post","status-publish","format-standard","hentry","category-startseite","category-kultur"],"_links":{"self":[{"href":"https:\/\/www.fuldaernachrichten.de\/index.php?rest_route=\/wp\/v2\/posts\/117646","targetHints":{"allow":["GET"]}}],"collection":[{"href":"https:\/\/www.fuldaernachrichten.de\/index.php?rest_route=\/wp\/v2\/posts"}],"about":[{"href":"https:\/\/www.fuldaernachrichten.de\/index.php?rest_route=\/wp\/v2\/types\/post"}],"author":[{"embeddable":true,"href":"https:\/\/www.fuldaernachrichten.de\/index.php?rest_route=\/wp\/v2\/users\/1"}],"replies":[{"embeddable":true,"href":"https:\/\/www.fuldaernachrichten.de\/index.php?rest_route=%2Fwp%2Fv2%2Fcomments&post=117646"}],"version-history":[{"count":1,"href":"https:\/\/www.fuldaernachrichten.de\/index.php?rest_route=\/wp\/v2\/posts\/117646\/revisions"}],"predecessor-version":[{"id":117648,"href":"https:\/\/www.fuldaernachrichten.de\/index.php?rest_route=\/wp\/v2\/posts\/117646\/revisions\/117648"}],"wp:attachment":[{"href":"https:\/\/www.fuldaernachrichten.de\/index.php?rest_route=%2Fwp%2Fv2%2Fmedia&parent=117646"}],"wp:term":[{"taxonomy":"category","embeddable":true,"href":"https:\/\/www.fuldaernachrichten.de\/index.php?rest_route=%2Fwp%2Fv2%2Fcategories&post=117646"},{"taxonomy":"post_tag","embeddable":true,"href":"https:\/\/www.fuldaernachrichten.de\/index.php?rest_route=%2Fwp%2Fv2%2Ftags&post=117646"}],"curies":[{"name":"wp","href":"https:\/\/api.w.org\/{rel}","templated":true}]}}