{"id":117640,"date":"2013-12-09T07:29:29","date_gmt":"2013-12-09T07:29:29","guid":{"rendered":"http:\/\/www.fuldaer-nachrichten.de\/?p=117640"},"modified":"2013-12-09T07:29:29","modified_gmt":"2013-12-09T07:29:29","slug":"arbeitsagentur-schliesst-am-16-dezember-frueher","status":"publish","type":"post","link":"https:\/\/www.fuldaernachrichten.de\/?p=117640","title":{"rendered":"Arbeitsagentur schlie\u00dft am 16. Dezember fr\u00fcher"},"content":{"rendered":"<p>Bad Hersfeld. Wegen einer internen Veranstaltung stehen die Dienstleistungen der Agentur f\u00fcr Arbeit in Bad Hersfeld sowie der Gesch\u00e4ftsstelle in Bebra am Montag, dem 16. Dezember, nur bis 13 Uhr zur Verf\u00fcgung.<br \/>\nTelefonisch ist die Arbeitsagentur \u00fcber die geb\u00fchrenfreie Service-Rufnummer 0800 4 5555 00 von 8 bis 18 Uhr erreichbar.<\/p>\n","protected":false},"excerpt":{"rendered":"<div class=\"tmnf_excerpt\"><p>Bad Hersfeld. Wegen einer internen Veranstaltung stehen die Dienstleistungen der Agentur f\u00fcr Arbeit in Bad Hersfeld sowie der Gesch\u00e4ftsstelle in Bebra am Montag, dem 16. Dezember, nur bis 13 Uhr zur Verf\u00fcgung. Telefonisch ist die Arbeitsagentur \u00fcber die geb\u00fchrenfreie Service-Rufnummer 0800 4 5555 00 von 8 bis 18 Uhr erreichbar.<\/p>\n<\/div>","protected":false},"author":1,"featured_media":0,"comment_status":"closed","ping_status":"closed","sticky":false,"template":"","format":"standard","meta":{"footnotes":""},"categories":[1,53],"tags":[],"class_list":["post-117640","post","type-post","status-publish","format-standard","hentry","category-startseite","category-bildung"],"_links":{"self":[{"href":"https:\/\/www.fuldaernachrichten.de\/index.php?rest_route=\/wp\/v2\/posts\/117640","targetHints":{"allow":["GET"]}}],"collection":[{"href":"https:\/\/www.fuldaernachrichten.de\/index.php?rest_route=\/wp\/v2\/posts"}],"about":[{"href":"https:\/\/www.fuldaernachrichten.de\/index.php?rest_route=\/wp\/v2\/types\/post"}],"author":[{"embeddable":true,"href":"https:\/\/www.fuldaernachrichten.de\/index.php?rest_route=\/wp\/v2\/users\/1"}],"replies":[{"embeddable":true,"href":"https:\/\/www.fuldaernachrichten.de\/index.php?rest_route=%2Fwp%2Fv2%2Fcomments&post=117640"}],"version-history":[{"count":1,"href":"https:\/\/www.fuldaernachrichten.de\/index.php?rest_route=\/wp\/v2\/posts\/117640\/revisions"}],"predecessor-version":[{"id":117641,"href":"https:\/\/www.fuldaernachrichten.de\/index.php?rest_route=\/wp\/v2\/posts\/117640\/revisions\/117641"}],"wp:attachment":[{"href":"https:\/\/www.fuldaernachrichten.de\/index.php?rest_route=%2Fwp%2Fv2%2Fmedia&parent=117640"}],"wp:term":[{"taxonomy":"category","embeddable":true,"href":"https:\/\/www.fuldaernachrichten.de\/index.php?rest_route=%2Fwp%2Fv2%2Fcategories&post=117640"},{"taxonomy":"post_tag","embeddable":true,"href":"https:\/\/www.fuldaernachrichten.de\/index.php?rest_route=%2Fwp%2Fv2%2Ftags&post=117640"}],"curies":[{"name":"wp","href":"https:\/\/api.w.org\/{rel}","templated":true}]}}