{"id":117638,"date":"2013-12-09T07:28:54","date_gmt":"2013-12-09T07:28:54","guid":{"rendered":"http:\/\/www.fuldaer-nachrichten.de\/?p=117638"},"modified":"2013-12-09T07:28:54","modified_gmt":"2013-12-09T07:28:54","slug":"hoer-gut-zu-hier-gibt-es-was-auf-die-ohren","status":"publish","type":"post","link":"https:\/\/www.fuldaernachrichten.de\/?p=117638","title":{"rendered":"H\u00f6r gut zu &#8211; Hier gibt es was auf die Ohren"},"content":{"rendered":"<p>Fulda (cp). Das Jugendbildungswerk der Stadt Fulda bietet f\u00fcr Kinder von 7 bis 11 Jahren eine eigene H\u00f6rspielproduktion in den Winterferien 2013\/2014 an. Von Montag, 06. Januar bis Donnerstag, 09. Januar 2014 treffen sich die Kinder t\u00e4glich von 10.00 Uhr bis 14.00 Uhr, nehmen eigene Ger\u00e4usche auf, erfinden Geschichten und vertonen alles zu einem eigenen H\u00f6rspiel. Es gibt jede Menge auf die Ohren und viel Spa\u00df beim Erstellen des H\u00f6rspiels. Die Kosten betragen 15\u00e2\u201a\u00ac. \u201eH\u00f6r gut zu\u201c findet in Kooperation mit dem Medienprojektzentrum Offener Kanal und der Hochschule Fulda statt.\u00c2\u00a0 Anmeldungen k\u00f6nnen ausschlie\u00dflich schriftlich erfolgen. Weitere Infos unter: Jugendbildungswerk Stadt Fulda, Heike M\u00fcnker, Tel: 0661\/102-1993.\u00c2\u00a0 Anmeldformular und weitere Informationen finden Sie auch im Internet unter www.freizeitfulda.de.<\/p>\n","protected":false},"excerpt":{"rendered":"<div class=\"tmnf_excerpt\"><p>Fulda (cp). Das Jugendbildungswerk der Stadt Fulda bietet f\u00fcr Kinder von 7 bis 11 Jahren eine eigene H\u00f6rspielproduktion in den Winterferien 2013\/2014 an. Von Montag, 06. Januar bis Donnerstag, 09. Januar 2014 treffen sich die Kinder t\u00e4glich von 10.00 Uhr bis 14.00 Uhr, nehmen eigene Ger\u00e4usche auf, erfinden Geschichten und vertonen alles zu einem eigenen &hellip;<\/p>\n<\/div>","protected":false},"author":1,"featured_media":0,"comment_status":"closed","ping_status":"closed","sticky":false,"template":"","format":"standard","meta":{"footnotes":""},"categories":[1,44],"tags":[],"class_list":["post-117638","post","type-post","status-publish","format-standard","hentry","category-startseite","category-kultur"],"_links":{"self":[{"href":"https:\/\/www.fuldaernachrichten.de\/index.php?rest_route=\/wp\/v2\/posts\/117638","targetHints":{"allow":["GET"]}}],"collection":[{"href":"https:\/\/www.fuldaernachrichten.de\/index.php?rest_route=\/wp\/v2\/posts"}],"about":[{"href":"https:\/\/www.fuldaernachrichten.de\/index.php?rest_route=\/wp\/v2\/types\/post"}],"author":[{"embeddable":true,"href":"https:\/\/www.fuldaernachrichten.de\/index.php?rest_route=\/wp\/v2\/users\/1"}],"replies":[{"embeddable":true,"href":"https:\/\/www.fuldaernachrichten.de\/index.php?rest_route=%2Fwp%2Fv2%2Fcomments&post=117638"}],"version-history":[{"count":1,"href":"https:\/\/www.fuldaernachrichten.de\/index.php?rest_route=\/wp\/v2\/posts\/117638\/revisions"}],"predecessor-version":[{"id":117639,"href":"https:\/\/www.fuldaernachrichten.de\/index.php?rest_route=\/wp\/v2\/posts\/117638\/revisions\/117639"}],"wp:attachment":[{"href":"https:\/\/www.fuldaernachrichten.de\/index.php?rest_route=%2Fwp%2Fv2%2Fmedia&parent=117638"}],"wp:term":[{"taxonomy":"category","embeddable":true,"href":"https:\/\/www.fuldaernachrichten.de\/index.php?rest_route=%2Fwp%2Fv2%2Fcategories&post=117638"},{"taxonomy":"post_tag","embeddable":true,"href":"https:\/\/www.fuldaernachrichten.de\/index.php?rest_route=%2Fwp%2Fv2%2Ftags&post=117638"}],"curies":[{"name":"wp","href":"https:\/\/api.w.org\/{rel}","templated":true}]}}