{"id":117630,"date":"2013-12-06T09:37:16","date_gmt":"2013-12-06T09:37:16","guid":{"rendered":"http:\/\/www.fuldaer-nachrichten.de\/?p=117630"},"modified":"2013-12-06T09:37:16","modified_gmt":"2013-12-06T09:37:16","slug":"informationsveranstaltung-zur-anerkennung-auslaendischer-bildungsabschluesse","status":"publish","type":"post","link":"https:\/\/www.fuldaernachrichten.de\/?p=117630","title":{"rendered":"Informationsveranstaltung zur Anerkennung ausl\u00e4ndischer Bildungsabschl\u00fcsse"},"content":{"rendered":"<p align=\"left\">Bad Hersfeld. Personalengp\u00e4sse und Fachkr\u00e4ftemangel auf der einen Seite, qualifizierte Personen auf der anderen Seite, die beruflich nicht voll durchstarten k\u00f6nnen, weil ihre ausl\u00e4ndischen Bildungsabschl\u00fcsse nicht anerkannt sind \u2013 \u201eWie passt das zusammen? Und vor allem: Wie ist das Problem zu l\u00f6sen?\u201c, fragten sich die Teilnehmer einer Podiumsdiskussion in der Agentur f\u00fcr Arbeit in Bad Hersfeld. Mehr als 40 Interessierte waren der Einladung\u00c2\u00a0 der Agentur f\u00fcr Arbeit Bad Hersfeld-Fulda und der Qualifizierungsoffensive des Landkreises Hersfeld-Rotenburg in die Arbeitsagentur gefolgt. Unter dem Titel \u201eWERTvoll &#8211; neue Wege zur Anerkennung ausl\u00e4ndischer Berufsabschl\u00fcsse\u201c informierten Sachverst\u00e4ndige und Betroffene.<!--more--><\/p>\n<p align=\"left\">Das Podium war vielseitig besetzt. Jan Benedix, Koordinator des Hessischen Netzwerks Integration durch Qualifizierung (Kassel)\u00c2\u00a0 und Martina Flasp\u00f6hler, Beraterin im Hessischen Netzwerk,\u00c2\u00a0 stellten dem Publikum Beratungsm\u00f6glichkeiten vor. \u201eDer Gesetzgeber hat eine rechtliche Grundlage geschaffen, wonach alle Zuwanderergruppen, unabh\u00e4ngig von deren Nationalit\u00e4t und Aufenthaltsstatus, einen Anspruch auf Feststellung der im Ausland erworbenen beruflichen Qualifikation haben. Machen Sie von Ihrem Recht Gebrauch!\u201c, ermunterten die Fachleute die Anwesenden, die aus verschiedenen Nationen stammten. Arbeitsvermittlerin Silvia Fl\u00fcgel von der Arbeitsagentur Bad Hersfeld-Fulda wies auf m\u00f6gliche F\u00f6rderungen durch die Arbeitsagentur hin, die unter Umst\u00e4nden Kosten f\u00fcr das Anerkennungsverfahren oder notwendige Nachqualifizierung \u00fcbernimmt.<\/p>\n<p align=\"left\">Auch betroffene Arbeitgeber machten dem interessierten Publikum Mut. Arabella Kienel (Residenz Ambiente, Bad Hersfeld) sowie Hartwick Oswald, Personalleiter im Herz- und Kreislaufzentrum Rotenburg, schilderten ihre positiven Erfahrungen mit gut qualifizierten Fachkr\u00e4ften aus dem Ausland, auf die sie zur Deckung ihres Fachkr\u00e4ftebedarfs angewiesen sind. \u201eDas Wichtigste ist die Sprache!\u201c, stellten beide fest, und auch die aus Slowenien zugewanderte \u00c4rztin Eva Milatova, best\u00e4tigte dies.<\/p>\n<p>Die Veranstaltung wurde moderiert von Kristina Bayer, Qualifizierungsbeauftragte im Landkreis Hersfeld-Rotenburg. Zuvor hatte Waldemar Dombrowski, Leiter der Arbeitsagentur Bad Hersfeld-Fulda, den regionalen Arbeitsmarkt erl\u00e4utert und auf den zu erwartenden Fachkr\u00e4ftebedarf hingewiesen.<\/p>\n","protected":false},"excerpt":{"rendered":"<div class=\"tmnf_excerpt\"><p>Bad Hersfeld. Personalengp\u00e4sse und Fachkr\u00e4ftemangel auf der einen Seite, qualifizierte Personen auf der anderen Seite, die beruflich nicht voll durchstarten k\u00f6nnen, weil ihre ausl\u00e4ndischen Bildungsabschl\u00fcsse nicht anerkannt sind \u2013 \u201eWie passt das zusammen? Und vor allem: Wie ist das Problem zu l\u00f6sen?\u201c, fragten sich die Teilnehmer einer Podiumsdiskussion in der Agentur f\u00fcr Arbeit in Bad &hellip;<\/p>\n<\/div>","protected":false},"author":1,"featured_media":0,"comment_status":"closed","ping_status":"closed","sticky":false,"template":"","format":"standard","meta":{"footnotes":""},"categories":[1,53],"tags":[],"class_list":["post-117630","post","type-post","status-publish","format-standard","hentry","category-startseite","category-bildung"],"_links":{"self":[{"href":"https:\/\/www.fuldaernachrichten.de\/index.php?rest_route=\/wp\/v2\/posts\/117630","targetHints":{"allow":["GET"]}}],"collection":[{"href":"https:\/\/www.fuldaernachrichten.de\/index.php?rest_route=\/wp\/v2\/posts"}],"about":[{"href":"https:\/\/www.fuldaernachrichten.de\/index.php?rest_route=\/wp\/v2\/types\/post"}],"author":[{"embeddable":true,"href":"https:\/\/www.fuldaernachrichten.de\/index.php?rest_route=\/wp\/v2\/users\/1"}],"replies":[{"embeddable":true,"href":"https:\/\/www.fuldaernachrichten.de\/index.php?rest_route=%2Fwp%2Fv2%2Fcomments&post=117630"}],"version-history":[{"count":1,"href":"https:\/\/www.fuldaernachrichten.de\/index.php?rest_route=\/wp\/v2\/posts\/117630\/revisions"}],"predecessor-version":[{"id":117631,"href":"https:\/\/www.fuldaernachrichten.de\/index.php?rest_route=\/wp\/v2\/posts\/117630\/revisions\/117631"}],"wp:attachment":[{"href":"https:\/\/www.fuldaernachrichten.de\/index.php?rest_route=%2Fwp%2Fv2%2Fmedia&parent=117630"}],"wp:term":[{"taxonomy":"category","embeddable":true,"href":"https:\/\/www.fuldaernachrichten.de\/index.php?rest_route=%2Fwp%2Fv2%2Fcategories&post=117630"},{"taxonomy":"post_tag","embeddable":true,"href":"https:\/\/www.fuldaernachrichten.de\/index.php?rest_route=%2Fwp%2Fv2%2Ftags&post=117630"}],"curies":[{"name":"wp","href":"https:\/\/api.w.org\/{rel}","templated":true}]}}