{"id":117619,"date":"2013-12-06T09:31:56","date_gmt":"2013-12-06T09:31:56","guid":{"rendered":"http:\/\/www.fuldaer-nachrichten.de\/?p=117619"},"modified":"2013-12-06T09:31:56","modified_gmt":"2013-12-06T09:31:56","slug":"awo-schulung-wie-gehe-ich-mit-meiner-rolle-als-betreuer-um","status":"publish","type":"post","link":"https:\/\/www.fuldaernachrichten.de\/?p=117619","title":{"rendered":"AWO Schulung \u201eWie gehe ich mit meiner Rolle als Betreuer um?\u201c"},"content":{"rendered":"<p>Fulda. Fortbildung f\u00fcr ehrenamtliche Betreuerinnen und Betreuer und Vorsorgebevollm\u00e4chtigte Im Fokus der letzten Veranstaltung des diesj\u00e4hrigen Schulungszyklus soll diesmal eine kritische Betrachtung der eigenen Rolle stehen, in der sich ehrenamtlich T\u00e4tige befinden. Wolfram Latsch und Thomas Jansohn von der AWO moderieren dabei diese Fortbildung, bei der es zum Beispiel auch darum gehen wird wie man als Betreuer mit den unterschiedlichen Erwartungshaltungen der Akteure, mit denen man zu tun hat, umgehen kann.<br \/>\nDer Diskussion und dem Gedankenaustausch zwischen den Teilnehmern soll dabei gen\u00fcgend Raum gegeben werden.<!--more--><\/p>\n<p>Die Veranstaltung richtet sich insbesondere an Personen, die ehrenamtlich eine rechtliche Betreuung f\u00fchren, an Inhaberinnen und Inhaber einer Vorsorgevollmacht, an Menschen, die sich um die Angelegenheiten ihrer Angeh\u00f6rigen k\u00fcmmern und sonstige interessierte Personen. Der Eintritt ist frei, eine Anmeldung ist erforderlich. Die Veranstaltung findet am Standort der AWO in der Frankfurter Stra\u00dfe 28 in Fulda statt.<br \/>\nAnmeldungen und Erstinformationen beim AWO Betreuungsverein: Tel: 0661\/480045-0 oder E-Mail (info@awo-fulda.de)<\/p>\n","protected":false},"excerpt":{"rendered":"<div class=\"tmnf_excerpt\"><p>Fulda. Fortbildung f\u00fcr ehrenamtliche Betreuerinnen und Betreuer und Vorsorgebevollm\u00e4chtigte Im Fokus der letzten Veranstaltung des diesj\u00e4hrigen Schulungszyklus soll diesmal eine kritische Betrachtung der eigenen Rolle stehen, in der sich ehrenamtlich T\u00e4tige befinden. Wolfram Latsch und Thomas Jansohn von der AWO moderieren dabei diese Fortbildung, bei der es zum Beispiel auch darum gehen wird wie man &hellip;<\/p>\n<\/div>","protected":false},"author":1,"featured_media":0,"comment_status":"closed","ping_status":"closed","sticky":false,"template":"","format":"standard","meta":{"footnotes":""},"categories":[1,51],"tags":[],"class_list":["post-117619","post","type-post","status-publish","format-standard","hentry","category-startseite","category-medizin"],"_links":{"self":[{"href":"https:\/\/www.fuldaernachrichten.de\/index.php?rest_route=\/wp\/v2\/posts\/117619","targetHints":{"allow":["GET"]}}],"collection":[{"href":"https:\/\/www.fuldaernachrichten.de\/index.php?rest_route=\/wp\/v2\/posts"}],"about":[{"href":"https:\/\/www.fuldaernachrichten.de\/index.php?rest_route=\/wp\/v2\/types\/post"}],"author":[{"embeddable":true,"href":"https:\/\/www.fuldaernachrichten.de\/index.php?rest_route=\/wp\/v2\/users\/1"}],"replies":[{"embeddable":true,"href":"https:\/\/www.fuldaernachrichten.de\/index.php?rest_route=%2Fwp%2Fv2%2Fcomments&post=117619"}],"version-history":[{"count":1,"href":"https:\/\/www.fuldaernachrichten.de\/index.php?rest_route=\/wp\/v2\/posts\/117619\/revisions"}],"predecessor-version":[{"id":117620,"href":"https:\/\/www.fuldaernachrichten.de\/index.php?rest_route=\/wp\/v2\/posts\/117619\/revisions\/117620"}],"wp:attachment":[{"href":"https:\/\/www.fuldaernachrichten.de\/index.php?rest_route=%2Fwp%2Fv2%2Fmedia&parent=117619"}],"wp:term":[{"taxonomy":"category","embeddable":true,"href":"https:\/\/www.fuldaernachrichten.de\/index.php?rest_route=%2Fwp%2Fv2%2Fcategories&post=117619"},{"taxonomy":"post_tag","embeddable":true,"href":"https:\/\/www.fuldaernachrichten.de\/index.php?rest_route=%2Fwp%2Fv2%2Ftags&post=117619"}],"curies":[{"name":"wp","href":"https:\/\/api.w.org\/{rel}","templated":true}]}}