{"id":117616,"date":"2013-12-06T09:31:05","date_gmt":"2013-12-06T09:31:05","guid":{"rendered":"http:\/\/www.fuldaer-nachrichten.de\/?p=117616"},"modified":"2013-12-06T09:31:05","modified_gmt":"2013-12-06T09:31:05","slug":"junge-union-kuenzell-waehlt-neuen-vorstand","status":"publish","type":"post","link":"https:\/\/www.fuldaernachrichten.de\/?p=117616","title":{"rendered":"Junge Union K\u00fcnzell w\u00e4hlt neuen Vorstand"},"content":{"rendered":"<div id=\"attachment_117617\" style=\"width: 275px\" class=\"wp-caption alignleft\"><a href=\"http:\/\/www.fuldaer-nachrichten.de\/wp-content\/uploads\/2013\/12\/131206_JungeUnion.png\"><img decoding=\"async\" aria-describedby=\"caption-attachment-117617\" class=\"size-thumbnail wp-image-117617\" alt=\"Der neue Vorsitzende Aaron Mayr (links) und der alte Vorsitzende Daniel Kremer (rechts)\" src=\"http:\/\/www.fuldaer-nachrichten.de\/wp-content\/uploads\/2013\/12\/131206_JungeUnion-265x176.png\" width=\"265\" height=\"176\" srcset=\"https:\/\/www.fuldaernachrichten.de\/wp-content\/uploads\/2013\/12\/131206_JungeUnion-265x176.png 265w, https:\/\/www.fuldaernachrichten.de\/wp-content\/uploads\/2013\/12\/131206_JungeUnion.png 507w\" sizes=\"(max-width: 265px) 100vw, 265px\" \/><\/a><p id=\"caption-attachment-117617\" class=\"wp-caption-text\">Der neue Vorsitzende Aaron Mayr (links) und der alte Vorsitzende Daniel Kremer (rechts)<\/p><\/div>\n<p>K\u00fcnzell. Am vergangenen Freitagabend traf sich die Junge Union K\u00fcnzell in der K\u00fchlen Quelle in Engelhelms zu ihrer Jahreshauptversammlung, um einen neuen Vorstand zu w\u00e4hlen. Die Versammlung leitete der Kreisvorsitzende der Jungen Union Fulda, Daniel H\u00f6fer, der das erste Gru\u00dfwort hielt, ebenso wie der Schriftf\u00fchrer der CDU Engelhelms, Dieter Bohl.<!--more--><\/p>\n<p>Zum neuen Gemeindevorsitzenden wurde der 19-j\u00e4hrige Sch\u00fcler Aaron Mayr aus Engelhelms gew\u00e4hlt. Die Rolle des Stellvertreters \u00fcbernahm der ehemalige erste Vorsitzende Daniel Kremer, w\u00e4hrend Peter Schaub, Christian Diegelmann, Christian Strohschneider, Henrik Schmitt und Andreas Kremer ebenfalls einstimmig in den Vorstand gew\u00e4hlt wurden.<\/p>\n<p>Der scheidende erste Vorsitzende Daniel Kremer begr\u00fc\u00dfte die Wahl Aarons im Hinblick darauf, dass die Junge Union in K\u00fcnzell deutlich machen m\u00f6chte, dass man auf die j\u00fcngere Generation zugehen und ihnen Geh\u00f6r schenken m\u00f6chte.<\/p>\n<p>Anschlie\u00dfend bedankte sich der neu gew\u00e4hlte Vorsitzende Aaron Mayr f\u00fcr das in ihn gesetzte Vertrauen und bedankte sich f\u00fcr die Arbeit seinen Vorg\u00e4ngers Daniel Kremer. Anschlie\u00dfend klang der Abend im gem\u00fctlichen Beisammensein aus.<\/p>\n","protected":false},"excerpt":{"rendered":"<div class=\"tmnf_excerpt\"><p>K\u00fcnzell. Am vergangenen Freitagabend traf sich die Junge Union K\u00fcnzell in der K\u00fchlen Quelle in Engelhelms zu ihrer Jahreshauptversammlung, um einen neuen Vorstand zu w\u00e4hlen. Die Versammlung leitete der Kreisvorsitzende der Jungen Union Fulda, Daniel H\u00f6fer, der das erste Gru\u00dfwort hielt, ebenso wie der Schriftf\u00fchrer der CDU Engelhelms, Dieter Bohl.<\/p>\n<\/div>","protected":false},"author":1,"featured_media":0,"comment_status":"closed","ping_status":"closed","sticky":false,"template":"","format":"standard","meta":{"footnotes":""},"categories":[1,29],"tags":[],"class_list":["post-117616","post","type-post","status-publish","format-standard","hentry","category-startseite","category-politik"],"_links":{"self":[{"href":"https:\/\/www.fuldaernachrichten.de\/index.php?rest_route=\/wp\/v2\/posts\/117616","targetHints":{"allow":["GET"]}}],"collection":[{"href":"https:\/\/www.fuldaernachrichten.de\/index.php?rest_route=\/wp\/v2\/posts"}],"about":[{"href":"https:\/\/www.fuldaernachrichten.de\/index.php?rest_route=\/wp\/v2\/types\/post"}],"author":[{"embeddable":true,"href":"https:\/\/www.fuldaernachrichten.de\/index.php?rest_route=\/wp\/v2\/users\/1"}],"replies":[{"embeddable":true,"href":"https:\/\/www.fuldaernachrichten.de\/index.php?rest_route=%2Fwp%2Fv2%2Fcomments&post=117616"}],"version-history":[{"count":1,"href":"https:\/\/www.fuldaernachrichten.de\/index.php?rest_route=\/wp\/v2\/posts\/117616\/revisions"}],"predecessor-version":[{"id":117618,"href":"https:\/\/www.fuldaernachrichten.de\/index.php?rest_route=\/wp\/v2\/posts\/117616\/revisions\/117618"}],"wp:attachment":[{"href":"https:\/\/www.fuldaernachrichten.de\/index.php?rest_route=%2Fwp%2Fv2%2Fmedia&parent=117616"}],"wp:term":[{"taxonomy":"category","embeddable":true,"href":"https:\/\/www.fuldaernachrichten.de\/index.php?rest_route=%2Fwp%2Fv2%2Fcategories&post=117616"},{"taxonomy":"post_tag","embeddable":true,"href":"https:\/\/www.fuldaernachrichten.de\/index.php?rest_route=%2Fwp%2Fv2%2Ftags&post=117616"}],"curies":[{"name":"wp","href":"https:\/\/api.w.org\/{rel}","templated":true}]}}