{"id":117613,"date":"2013-12-06T00:13:00","date_gmt":"2013-12-06T00:13:00","guid":{"rendered":"http:\/\/www.fuldaer-nachrichten.de\/?p=117613"},"modified":"2013-12-05T16:17:58","modified_gmt":"2013-12-05T16:17:58","slug":"deutscher-engagementpreis-geht-an-wanderverband","status":"publish","type":"post","link":"https:\/\/www.fuldaernachrichten.de\/?p=117613","title":{"rendered":"Deutscher Engagementpreis geht an Wanderverband"},"content":{"rendered":"<p>Berlin. Der Deutsche Wanderverband (DWV) ist heute mit dem Deutschen Engagementpreis ausgezeichnet worden. Der Preis ist bundesweit die gr\u00f6\u00dfte Auszeichnung f\u00fcr freiwilliges Engagement und wird traditionell am Tag des Ehrenamts am 5. Dezember vom B\u00fcndnis f\u00fcr Gemeinn\u00fctzigkeit in Berlin verliehen. Mit der Auszeichnung w\u00fcrdigt die Jury die Ehrenamtskampagne des Deutschen Wanderverbandes \u201eZeichen Setzen \u2013 130 Jahre engagiert f\u00fcr Wanderwege\u201c.<!--more--><\/p>\n<p>Mit dieser Kampagne unter der Schirmherrschaft des ehemaligen Bundesumweltministers Professor Dr. Klaus T\u00f6pfer hat der Verband den rund 20.000 ehrenamtlich in Deutschland arbeitenden Wegezeichnern in den vergangenen Monaten zu einer gesteigerten \u00f6ffentlichen Aufmerksamkeit verholfen. Die unter dem Dach des DWV arbeitenden Ehrenamtlichen sind nicht nur Grundlage f\u00fcr den gerade boomenden Wandertourismus oder die Ausr\u00fcsterbranche in Deutschland sondern \u2013 etwa indem sie Besucherstr\u00f6me lenken &#8211; auch unverzichtbar f\u00fcr den Naturschutz. Au\u00dfer in der Wege- und Naturschutzarbeit engagieren sich die Menschen in den 58 Mitgliedsorganisationen des DWV in vielen weiteren Bereichen, etwa\u00c2\u00a0 f\u00fcr Familien, Kultur und Jugend. Insgesamt sind es j\u00e4hrlich rund 2,3 Millionen ehrenamtlich geleistete Arbeitsstunden f\u00fcr die Gemeinschaft.<\/p>\n<p>Anl\u00e4sslich der Preisverleihung lobte Bundesfamilienministerin Dr. Kristina Schr\u00f6der das gro\u00dfe Engagement der Ehrenamtlichen in Deutschland. Ihre Leistung m\u00fcsse st\u00e4rker anerkannt und gef\u00f6rdert werden, so die die Ministerin. Schr\u00f6der: \u201eMenschen, die im Engagement Sinn suchen und durch Engagement Sinn stiften, kn\u00fcpfen zwischenmenschliche Verbindungen und halten damit unsere Gesellschaft zusammen.&#8221;<\/p>\n<p>Dr. Hans-Ulrich Rauchfu\u00df, Pr\u00e4sident des Deutschen Wanderverbandes, sagte in Berlin, dass der Engagementpreis sicher helfen werde, die Arbeit der vielen Tausend Ehrenamtlichen im Deutschen Wanderverband sichtbarer zu machen. \u201eZugleich motiviert der Preis hoffentlich auch Menschen, die sich bislang noch nicht ehrenamtlich engagiert haben, sich uns anzuschlie\u00dfen\u201c, so der DWV-Pr\u00e4sident. Au\u00dferdem w\u00fcnscht sich Rauchfu\u00df eine st\u00e4rkere Unterst\u00fctzung aus den von der ehrenamtlichen Arbeit profitierenden Branchen. B\u00fcrgerschaftliches Engagement sei f\u00fcr die nachhaltige Arbeit der Wander- und Gebirgsvereine nicht selbstverst\u00e4ndlich. Sie ben\u00f6tigen dem DWV-Pr\u00e4sident zufolge eine breite Unterst\u00fctzung, um auf dem derzeitigen Niveau weiter bestehen zu k\u00f6nnen.<\/p>\n<p>Der Wanderverband wurde in der Kategorie \u201eDritter Sektor\u201c von der Jury mit Vertretern aus Politik, Forschung und Wirtschaft geehrt. In dieser Kategorie werden gemeinn\u00fctzige Organisationen, deren Arbeit ma\u00dfgeblich von Engagierten getragen wird oder die freiwilliges Engagement aktiv f\u00f6rdern, ausgezeichnet. Weitere Kategorien sind \u201ePolitik &amp; Verwaltung\u201c, \u201eWirtschaft\u201c sowie \u201eEinzelperson\u201c.<br \/>\nDas B\u00fcndnis f\u00fcr Gemeinn\u00fctzigkeit verleiht den Deutschen Engagementpreis in diesem Jahr zum f\u00fcnften Mal. F\u00f6rderer sind das Bundesministerium f\u00fcr Familie, Senioren, Frauen und Jugend und der Generali Zukunftsfonds. Dieser unterst\u00fctzt bundesweit Projekte mit dem Schwerpunkt \u201eF\u00f6rderung des Engagements von und f\u00fcr die Generation 55 plus\u201c. Beide F\u00f6rderer setzen sich schon seit Langem im Rahmen eigener Initiativen und Projekte f\u00fcr die St\u00e4rkung des b\u00fcrgerschaftlichen Engagements in Deutschland ein.<\/p>\n","protected":false},"excerpt":{"rendered":"<div class=\"tmnf_excerpt\"><p>Berlin. Der Deutsche Wanderverband (DWV) ist heute mit dem Deutschen Engagementpreis ausgezeichnet worden. Der Preis ist bundesweit die gr\u00f6\u00dfte Auszeichnung f\u00fcr freiwilliges Engagement und wird traditionell am Tag des Ehrenamts am 5. Dezember vom B\u00fcndnis f\u00fcr Gemeinn\u00fctzigkeit in Berlin verliehen. Mit der Auszeichnung w\u00fcrdigt die Jury die Ehrenamtskampagne des Deutschen Wanderverbandes \u201eZeichen Setzen \u2013 130 &hellip;<\/p>\n<\/div>","protected":false},"author":1,"featured_media":0,"comment_status":"closed","ping_status":"closed","sticky":false,"template":"","format":"standard","meta":{"footnotes":""},"categories":[1,52],"tags":[],"class_list":["post-117613","post","type-post","status-publish","format-standard","hentry","category-startseite","category-umwelt"],"_links":{"self":[{"href":"https:\/\/www.fuldaernachrichten.de\/index.php?rest_route=\/wp\/v2\/posts\/117613","targetHints":{"allow":["GET"]}}],"collection":[{"href":"https:\/\/www.fuldaernachrichten.de\/index.php?rest_route=\/wp\/v2\/posts"}],"about":[{"href":"https:\/\/www.fuldaernachrichten.de\/index.php?rest_route=\/wp\/v2\/types\/post"}],"author":[{"embeddable":true,"href":"https:\/\/www.fuldaernachrichten.de\/index.php?rest_route=\/wp\/v2\/users\/1"}],"replies":[{"embeddable":true,"href":"https:\/\/www.fuldaernachrichten.de\/index.php?rest_route=%2Fwp%2Fv2%2Fcomments&post=117613"}],"version-history":[{"count":1,"href":"https:\/\/www.fuldaernachrichten.de\/index.php?rest_route=\/wp\/v2\/posts\/117613\/revisions"}],"predecessor-version":[{"id":117614,"href":"https:\/\/www.fuldaernachrichten.de\/index.php?rest_route=\/wp\/v2\/posts\/117613\/revisions\/117614"}],"wp:attachment":[{"href":"https:\/\/www.fuldaernachrichten.de\/index.php?rest_route=%2Fwp%2Fv2%2Fmedia&parent=117613"}],"wp:term":[{"taxonomy":"category","embeddable":true,"href":"https:\/\/www.fuldaernachrichten.de\/index.php?rest_route=%2Fwp%2Fv2%2Fcategories&post=117613"},{"taxonomy":"post_tag","embeddable":true,"href":"https:\/\/www.fuldaernachrichten.de\/index.php?rest_route=%2Fwp%2Fv2%2Ftags&post=117613"}],"curies":[{"name":"wp","href":"https:\/\/api.w.org\/{rel}","templated":true}]}}