{"id":117610,"date":"2013-12-06T00:14:28","date_gmt":"2013-12-06T00:14:28","guid":{"rendered":"http:\/\/www.fuldaer-nachrichten.de\/?p=117610"},"modified":"2013-12-05T16:14:53","modified_gmt":"2013-12-05T16:14:53","slug":"komoedie-sushi-in-suhl-laeuft-im-antoniusheim-fulda","status":"publish","type":"post","link":"https:\/\/www.fuldaernachrichten.de\/?p=117610","title":{"rendered":"Kom\u00f6die &#8220;SUSHI IN SUHL&#8221; l\u00e4uft im Antoniusheim Fulda"},"content":{"rendered":"<p><a href=\"http:\/\/www.fuldaer-nachrichten.de\/wp-content\/uploads\/2013\/12\/Sushi_in_Suhl_coo-630x417.jpg\"><img decoding=\"async\" class=\"alignleft size-thumbnail wp-image-117611\" alt=\"Sushi_in_Suhl_coo-630x417\" src=\"http:\/\/www.fuldaer-nachrichten.de\/wp-content\/uploads\/2013\/12\/Sushi_in_Suhl_coo-630x417-265x176.jpg\" width=\"265\" height=\"176\" srcset=\"https:\/\/www.fuldaernachrichten.de\/wp-content\/uploads\/2013\/12\/Sushi_in_Suhl_coo-630x417-265x176.jpg 265w, https:\/\/www.fuldaernachrichten.de\/wp-content\/uploads\/2013\/12\/Sushi_in_Suhl_coo-630x417.jpg 600w\" sizes=\"(max-width: 265px) 100vw, 265px\" \/><\/a>Fulda. Wer mal so richtig herzhaft lachen m\u00f6chte, der kommt ins neue &#8220;KINO in der Festscheune&#8221; des Antoniusheims in\u00c2\u00a0 Fulda (An St. Kathrin 4). Dort l\u00e4uft am Freitag, dem 13. Dezember und Samstag, dem 14. Dezember 2013, jeweils ab 20 Uhr (Einlass 19:30 Uhr) die wundersch\u00f6ne Th\u00fcringer Kom\u00f6die &#8220;SUSHI IN SUHL&#8221;. Kaum ein Film hat das Kinopublikum so begeistert und ist so warmherzig wie dieser. Veranstalter ist Thomas Bayer, mit freundlicher Unterst\u00fctzung des Antoniusheims Fulda. Die Festscheune ist 50 m rechts neben dem Antonius-Laden. Die Atmosph\u00e4re der Scheune mit ihrem Kaminofen ist au\u00dfergew\u00f6hnlich ! Ein Besuch lohnt sich also in jedem Fall ! Hier kommt man mit Leuten ins Gespr\u00e4ch!<!--more--><br \/>\nDie wundervolle Kom\u00f6die SUSHI IN SUHL mit Uwe Steimle, Julia Richter und Michael Kind hat bereits \u00fcber 220.000 Menschen in die Kinos gelockt. Und das zurecht. Sie\u00c2\u00a0 erz\u00e4hlt die unglaubliche aber wahre Geschichte von Rolf Ansch\u00fctz (1932 &#8211; 2008), Koch und Gastronom aus Leidenschaft, der 1966 das erste und einzige Japan-Restaurant der DDR in Suhl, im Th\u00fcringer Wald, gr\u00fcndete, und es bis 1993 betrieb. Hier speisten bis zur Wende 1989 fast zwei Millionen G\u00e4ste. Ein St\u00fcck deutscher Geschichte gedreht u.a. in Schmalkalden, Suhl und Fulda ! Eine der sch\u00f6nsten deutschen Kom\u00f6dien ! Warmherzig und unglaublich komisch!Lachen Sie mit!<\/p>\n<p>Noch bis Mai 2014 zeigt die abwechslungsreiche Kinoreihe an 2 Tagen pro Monat au\u00dfergew\u00f6hnliche Filme auf Leinwand. Zudem wird ein filmisches Rahmenprogramm wie der ausf\u00fchrliche Jakobswegsbericht von Peter Emden Weinert (Januar 2014) oder der Auftritt der wundervollen &#8220;Anthony\u00c2\u00b4s Gospel Singers&#8221; aus M\u00fcs (am 7. M\u00e4rz 2014) geboten. Tickets sind im VVK f\u00fcr 6 \u00e2\u201a\u00ac erh\u00e4ltlich. An der Abendkasse kosten die Karten 7 \u00e2\u201a\u00ac (Abendkasse erm\u00e4\u00dfigt f\u00fcr Sch\u00fcler und Studenten 6,50 \u00e2\u201a\u00ac). VVK-Stellen sind: Antonius &#8211; Laden Fulda und in den Gesch\u00e4ftstellen der Fuldaer Zeitung in Fulda (Peterstor und Frankfurter Stra\u00dfe). Nat\u00fcrlich gibt es immer Karten an der Abendkasse. Sie sind ein tolles Weihnachtsgeschenk! Infos zu den Kinoveranstaltungen gibt es auch unter Tel. 0661 \/ 1097-480. Das Programm mit allen Filmen und Infos liegt bei den Tourist-Infos bzw. Gemeinden im Landkreis Fulda, Rh\u00f6nGrabfeld und Vogelsberg aus. Zudem in vielen L\u00e4den in der Fuldaer Innenstadt. (tb)<\/p>\n","protected":false},"excerpt":{"rendered":"<div class=\"tmnf_excerpt\"><p>Fulda. Wer mal so richtig herzhaft lachen m\u00f6chte, der kommt ins neue &#8220;KINO in der Festscheune&#8221; des Antoniusheims in\u00c2\u00a0 Fulda (An St. Kathrin 4). Dort l\u00e4uft am Freitag, dem 13. Dezember und Samstag, dem 14. Dezember 2013, jeweils ab 20 Uhr (Einlass 19:30 Uhr) die wundersch\u00f6ne Th\u00fcringer Kom\u00f6die &#8220;SUSHI IN SUHL&#8221;. Kaum ein Film hat &hellip;<\/p>\n<\/div>","protected":false},"author":1,"featured_media":0,"comment_status":"closed","ping_status":"closed","sticky":false,"template":"","format":"standard","meta":{"footnotes":""},"categories":[1,44],"tags":[],"class_list":["post-117610","post","type-post","status-publish","format-standard","hentry","category-startseite","category-kultur"],"_links":{"self":[{"href":"https:\/\/www.fuldaernachrichten.de\/index.php?rest_route=\/wp\/v2\/posts\/117610","targetHints":{"allow":["GET"]}}],"collection":[{"href":"https:\/\/www.fuldaernachrichten.de\/index.php?rest_route=\/wp\/v2\/posts"}],"about":[{"href":"https:\/\/www.fuldaernachrichten.de\/index.php?rest_route=\/wp\/v2\/types\/post"}],"author":[{"embeddable":true,"href":"https:\/\/www.fuldaernachrichten.de\/index.php?rest_route=\/wp\/v2\/users\/1"}],"replies":[{"embeddable":true,"href":"https:\/\/www.fuldaernachrichten.de\/index.php?rest_route=%2Fwp%2Fv2%2Fcomments&post=117610"}],"version-history":[{"count":1,"href":"https:\/\/www.fuldaernachrichten.de\/index.php?rest_route=\/wp\/v2\/posts\/117610\/revisions"}],"predecessor-version":[{"id":117612,"href":"https:\/\/www.fuldaernachrichten.de\/index.php?rest_route=\/wp\/v2\/posts\/117610\/revisions\/117612"}],"wp:attachment":[{"href":"https:\/\/www.fuldaernachrichten.de\/index.php?rest_route=%2Fwp%2Fv2%2Fmedia&parent=117610"}],"wp:term":[{"taxonomy":"category","embeddable":true,"href":"https:\/\/www.fuldaernachrichten.de\/index.php?rest_route=%2Fwp%2Fv2%2Fcategories&post=117610"},{"taxonomy":"post_tag","embeddable":true,"href":"https:\/\/www.fuldaernachrichten.de\/index.php?rest_route=%2Fwp%2Fv2%2Ftags&post=117610"}],"curies":[{"name":"wp","href":"https:\/\/api.w.org\/{rel}","templated":true}]}}