{"id":117598,"date":"2013-12-05T00:20:53","date_gmt":"2013-12-05T00:20:53","guid":{"rendered":"http:\/\/www.fuldaer-nachrichten.de\/?p=117598"},"modified":"2013-12-05T15:59:03","modified_gmt":"2013-12-05T15:59:03","slug":"focus-aerzteliste-sechs-mediziner-des-klinikums-zaehlen-erneut-zu-den-top-aerzten-deutschlands","status":"publish","type":"post","link":"https:\/\/www.fuldaernachrichten.de\/?p=117598","title":{"rendered":"FOCUS-\u00c4rzteliste: Sechs Mediziner des Klinikums z\u00e4hlen erneut zu den TOP-\u00c4rzten Deutschlands"},"content":{"rendered":"<div id=\"attachment_117599\" style=\"width: 275px\" class=\"wp-caption alignleft\"><a href=\"http:\/\/www.fuldaer-nachrichten.de\/wp-content\/uploads\/2013\/12\/FOCUS-Online_DSC_3231.jpg\"><img decoding=\"async\" aria-describedby=\"caption-attachment-117599\" class=\"size-thumbnail wp-image-117599\" alt=\"Prof. Dr. Volker Sch\u00e4chinger, Prof. Dr. Tilman K\u00e4lble, Prof. Dr. Konrad Schwager, Prof. Dr. Reinald Repp, Prof. Dr. Georg Wiedemann, Dr. J\u00fcrgen Klotz \/ Fotonachweis: Barbara Froese\" src=\"http:\/\/www.fuldaer-nachrichten.de\/wp-content\/uploads\/2013\/12\/FOCUS-Online_DSC_3231-265x175.jpg\" width=\"265\" height=\"175\" srcset=\"https:\/\/www.fuldaernachrichten.de\/wp-content\/uploads\/2013\/12\/FOCUS-Online_DSC_3231-265x175.jpg 265w, https:\/\/www.fuldaernachrichten.de\/wp-content\/uploads\/2013\/12\/FOCUS-Online_DSC_3231.jpg 600w\" sizes=\"(max-width: 265px) 100vw, 265px\" \/><\/a><p id=\"caption-attachment-117599\" class=\"wp-caption-text\">Prof. Dr. Volker Sch\u00e4chinger, Prof. Dr. Tilman K\u00e4lble, Prof. Dr. Konrad Schwager, Prof. Dr. Reinald Repp, Prof. Dr. Georg Wiedemann, Dr. J\u00fcrgen Klotz \/ Fotonachweis: Barbara Froese<\/p><\/div>\n<p>Fulda. Zu den sechs &#8211; als TOP-Mediziner in ganz Deutschland ausgezeichneten Experten des Klinikums Fulda &#8211; geh\u00f6ren: Prof. Dr. Reinald Repp (Direktor der Klinik f\u00fcr Kinder- und Jugendmedizin), Prof. Dr. Konrad Schwager (Direktor der Klinik f\u00fcr Hals-Nasen-Ohrenkrankheiten), Prof. Dr. Tilman K\u00e4lble (Direktor der Klinik f\u00fcr Urologie und Kinderurologie), Prof. Dr. Volker Sch\u00e4chinger (Direktor der Medizinischen Klinik I, Kardiologie), Prof. Dr. Georg Wiedemann (Direktor der Klinik f\u00fcr Psychiatrie und Psychotherapie) und Dr. J\u00fcrgen Klotz (leitender Oberarzt der Klinik f\u00fcr Neurologie). Dies ermittelte das Nachrichtenmagazin FOCUS in Deutschlands gr\u00f6\u00dfter \u00c4rztebewertung. Erstmals wurde die \u00c4rzteliste mit den TOP-Medizinern in einer exklusiven App ver\u00f6ffentlicht.<!--more--><strong> <\/strong><\/p>\n<p>Die \u00c4rzte, die im deutschlandweiten FOCUS-Vergleich zu den Besten des Landes geh\u00f6ren, erhalten die Auszeichnung \u201eTOP Mediziner 2013\u201c f\u00fcr ganz Deutschland und f\u00fcr den jeweiligen Fachbereich. Die Empfehlungen von Fachkollegen, Bewertungen von Patienten und Selbsthilfegruppen,\u00c2\u00a0 wissenschaftliche Publikationen sowie die Auswertung der wichtigsten Foren und Arztbewertungsportalen z\u00e4hlen zu den Kriterien, um in die FOCUS-Liste zu gelangen. Ein unabh\u00e4ngiges Recherche-Institut ermittelte Deutschlands TOP-\u00c4rzte. Grundlage der Bewertung ist eine gro\u00dfe Umfrage unter Chef- und Ober\u00e4rzten, Klinikdirektoren und niedergelassenen \u00c4rzten, welchen Kollegen sie in ihrem Fachgebiet empfehlen k\u00f6nnen. Nur Mediziner mit besonders vielen Kollegenempfehlungen kommen in die n\u00e4here Auswahl f\u00fcr die FOCUS-Liste.<\/p>\n<p><strong>Experte f\u00fcr Neonatologie<\/strong><\/p>\n<p>Prof. Dr. Reinald Repp, Direktor der Klinik f\u00fcr Kinder- und Jugendmedizin, ist als Experte f\u00fcr die Neonatologie ausgezeichnet und z\u00e4hlt damit zu den Top-\u00c4rzten Deutschlands. Er wurde von Kollegen und Patienten empfohlen. Zu dem Behandlungsspektrum seiner Klinik z\u00e4hlen Mehrlingsgeburten und Fr\u00fchgeburten unter 1.500 Gramm. Spezialisiert ist Prof. Dr. Repp auf die Beatmung von Fr\u00fchgeborenen, insbesondere Hochfrequenz-Oszillationsbeatmung, Infektionen des Fr\u00fchgeborenen sowie die Behandlung extrem unreifer Fr\u00fchgeborener an der Grenze der Lebensf\u00e4higkeit. \u201cDie Auszeichnung im FOCUS ist das Ergebnis einer hervorragenden Zusammenarbeit der Teams von Frauenklinik und Kinderklinik\u201c, freut sich Prof. Dr. Repp.<\/p>\n<p><strong>Experte f\u00fcr Kardiologie<\/strong><\/p>\n<p>Prof. Dr. Volker Sch\u00e4chinger, Direktor der Medizinischen Klinik I (Kardiologie, Angiologie, Pneumologie und Intensivmedizin) im Herz-Thorax-Zentrum Fulda, wurde als Experte der Kardiologie ausgezeichnet und besonders h\u00e4ufig von Kollegen sowie von Patienten empfohlen. Prof. Dr. Sch\u00e4chinger ist spezialisiert auf Behandlungen von Herzerkrankungen mit Katheterverfahren wie die Behandlung des Herzinfarktes oder Implantation von Herzklappen-Stents. Ein weiterer Schwerpunkt liegt in der Pr\u00e4vention von Herzerkrankungen.<\/p>\n<p><strong>Experte f\u00fcr Ohrenkrankheiten<\/strong><\/p>\n<p>Auch Prof. Dr. Konrad Schwager, Direktor der Klinik f\u00fcr Klinik f\u00fcr Hals-Nasen-Ohrenkrankheiten, Kopf-, Hals- und plastische Gesichtschirurgie, Kommunikationsst\u00f6rungen, wurde von Kollegen und Patienten empfohlen. Seine Spezialisierung liegt in der Mittelohrchirurgie. Dar\u00fcber hinaus umfasst sein chirurgisches Behandlungsspektrum die Tumore des H\u00f6rnerven (Akustikusneurinom), die Chirurgie der Nasennebenh\u00f6hlen und der Sch\u00e4delbasis, sowie der Augenh\u00f6hle.<\/p>\n<p><strong>Experte f\u00fcr urologische Tumoren<\/strong><\/p>\n<p>Prof. Dr. Tilman K\u00e4lble, Direktor der Klinik f\u00fcr Urologie und Kinderurologie, wurde ebenfalls h\u00e4ufig von Kollegen und Patienten empfohlen. Zu seinem Behandlungsspektrum z\u00e4hlen alle Facetten der Urologie und Kinderurologie einschlie\u00dflich Nierentransplantation, wobei der Schwerpunkt auf\u00c2\u00a0 Prostatakrebsoperationen, Blasenkrebsoperationen und Nierenkrebs-operationen liegt. Prof. Dr. K\u00e4lble ist u. a.\u00c2\u00a0 spezialisiert auf die nerverhaltende radikale Prostatektomie und Zystektomie sowie Harnblasenersatzoperationen.<\/p>\n<p><strong>Experte f\u00fcr Angstst\u00f6rungen und f\u00fcr Schizophrenie<\/strong><\/p>\n<p>Prof. Dr. Georg Wiedemann, Direktor der Klinik f\u00fcr Psychiatrie und Psychotherapie, wurde als Experte f\u00fcr Angstst\u00f6rungen sowie als Experte f\u00fcr Schizophrenie ausgezeichnet. Kollegen sowie Patienten haben ihn h\u00e4ufig empfohlen. Im Bereich der Schizophrenie \u00c2\u00a0umfasst sein Behandlungsspektrum kognitives Training, die Arbeitstherapie, Metakognitives Training, Sporttherapie, Training emotionaler sowie sozialer Kompetenz, Service f\u00fcr Angeh\u00f6rige mit Familientherapie und Angeh\u00f6rigenbetreuung. Er ist spezialisiert auf Psychosen, Akutbehandlung bei Alkohol- und Medikamentenproblemen sowie der Demenz-Diagnostik.<\/p>\n<p>Im Bereich der Angstst\u00f6rungen umfasst das Behandlungsspektrum von Prof. Dr. Wiedemann die Verhaltenstherapie, kognitive Verhaltenstherapie, interpersonelle Psychotherapie, medikament\u00f6se Therapie und Expositionen. Er ist zudem spezialisiert auf Depressionen, Psychosen und die Gerontopsychiatrie.<\/p>\n<p><strong>Experte f\u00fcr Schmerzbehandlung<\/strong><\/p>\n<p>Dr. J\u00fcrgen Klotz, Oberarzt der Klinik f\u00fcr Neurologie, ist spezialisiert auf die Behandlung von Gesichtsschmerzen, Neuralgien und Polyneuropathien. Sein Behandlungsschwerpunkt liegt in der Behandlung von Kopfschmerzen.<\/p>\n<p>FOCUS ver\u00f6ffentlicht regelm\u00e4\u00dfig \u00c4rztelisten. Diese geben Patienten und \u00c4rzten eine Orientierungshilfe bei der Suche nach qualifizierten \u00c4rzten bzw.\u00c2\u00a0 Behandlungszentren. Die FOCUS-\u00c4rzteliste-App liefert alle TOP-Mediziner Deutschlands in digitaler und laufend aktualisierter Form. Das mobile Angebot\u00c2\u00a0 erm\u00f6glicht es Patienten, jederzeit und \u00fcberall den richtigen Experten zu finden und bietet rund 2.500 TOP-Medizinern die umfangreiche \u00c4rzteliste Deutschlands. Sie ist im \u201eApp-Store\u201c und auf \u201eGoogle play\u201c erh\u00e4ltlich.<\/p>\n","protected":false},"excerpt":{"rendered":"<div class=\"tmnf_excerpt\"><p>Fulda. Zu den sechs &#8211; als TOP-Mediziner in ganz Deutschland ausgezeichneten Experten des Klinikums Fulda &#8211; geh\u00f6ren: Prof. Dr. Reinald Repp (Direktor der Klinik f\u00fcr Kinder- und Jugendmedizin), Prof. Dr. Konrad Schwager (Direktor der Klinik f\u00fcr Hals-Nasen-Ohrenkrankheiten), Prof. Dr. Tilman K\u00e4lble (Direktor der Klinik f\u00fcr Urologie und Kinderurologie), Prof. Dr. Volker Sch\u00e4chinger (Direktor der Medizinischen &hellip;<\/p>\n<\/div>","protected":false},"author":1,"featured_media":0,"comment_status":"closed","ping_status":"closed","sticky":false,"template":"","format":"standard","meta":{"footnotes":""},"categories":[1,51],"tags":[],"class_list":["post-117598","post","type-post","status-publish","format-standard","hentry","category-startseite","category-medizin"],"_links":{"self":[{"href":"https:\/\/www.fuldaernachrichten.de\/index.php?rest_route=\/wp\/v2\/posts\/117598","targetHints":{"allow":["GET"]}}],"collection":[{"href":"https:\/\/www.fuldaernachrichten.de\/index.php?rest_route=\/wp\/v2\/posts"}],"about":[{"href":"https:\/\/www.fuldaernachrichten.de\/index.php?rest_route=\/wp\/v2\/types\/post"}],"author":[{"embeddable":true,"href":"https:\/\/www.fuldaernachrichten.de\/index.php?rest_route=\/wp\/v2\/users\/1"}],"replies":[{"embeddable":true,"href":"https:\/\/www.fuldaernachrichten.de\/index.php?rest_route=%2Fwp%2Fv2%2Fcomments&post=117598"}],"version-history":[{"count":1,"href":"https:\/\/www.fuldaernachrichten.de\/index.php?rest_route=\/wp\/v2\/posts\/117598\/revisions"}],"predecessor-version":[{"id":117600,"href":"https:\/\/www.fuldaernachrichten.de\/index.php?rest_route=\/wp\/v2\/posts\/117598\/revisions\/117600"}],"wp:attachment":[{"href":"https:\/\/www.fuldaernachrichten.de\/index.php?rest_route=%2Fwp%2Fv2%2Fmedia&parent=117598"}],"wp:term":[{"taxonomy":"category","embeddable":true,"href":"https:\/\/www.fuldaernachrichten.de\/index.php?rest_route=%2Fwp%2Fv2%2Fcategories&post=117598"},{"taxonomy":"post_tag","embeddable":true,"href":"https:\/\/www.fuldaernachrichten.de\/index.php?rest_route=%2Fwp%2Fv2%2Ftags&post=117598"}],"curies":[{"name":"wp","href":"https:\/\/api.w.org\/{rel}","templated":true}]}}