{"id":117587,"date":"2013-12-06T00:15:35","date_gmt":"2013-12-06T00:15:35","guid":{"rendered":"http:\/\/www.fuldaer-nachrichten.de\/?p=117587"},"modified":"2013-12-05T15:30:08","modified_gmt":"2013-12-05T15:30:08","slug":"familienunternehmen-eckart-feuerschutz-begeht-40-jaehriges-jubilaeum","status":"publish","type":"post","link":"https:\/\/www.fuldaernachrichten.de\/?p=117587","title":{"rendered":"Familienunternehmen Eckart Feuerschutz begeht 40-j\u00e4hriges Jubil\u00e4um"},"content":{"rendered":"<div id=\"attachment_117588\" style=\"width: 275px\" class=\"wp-caption alignleft\"><a href=\"http:\/\/www.fuldaer-nachrichten.de\/wp-content\/uploads\/2013\/12\/131205_Eckart_Feuerschutz.jpg\"><img fetchpriority=\"high\" decoding=\"async\" aria-describedby=\"caption-attachment-117588\" class=\"size-thumbnail wp-image-117588\" alt=\"Unternehmensgr\u00fcnder Anselm Eckart (re.) mit Ehefrau Elisabeth und Sohn Stefan \" src=\"http:\/\/www.fuldaer-nachrichten.de\/wp-content\/uploads\/2013\/12\/131205_Eckart_Feuerschutz-265x374.jpg\" width=\"265\" height=\"374\" srcset=\"https:\/\/www.fuldaernachrichten.de\/wp-content\/uploads\/2013\/12\/131205_Eckart_Feuerschutz-265x374.jpg 265w, https:\/\/www.fuldaernachrichten.de\/wp-content\/uploads\/2013\/12\/131205_Eckart_Feuerschutz-187x265.jpg 187w, https:\/\/www.fuldaernachrichten.de\/wp-content\/uploads\/2013\/12\/131205_Eckart_Feuerschutz-425x600.jpg 425w, https:\/\/www.fuldaernachrichten.de\/wp-content\/uploads\/2013\/12\/131205_Eckart_Feuerschutz.jpg 600w\" sizes=\"(max-width: 265px) 100vw, 265px\" \/><\/a><p id=\"caption-attachment-117588\" class=\"wp-caption-text\">Unternehmensgr\u00fcnder Anselm Eckart (re.) mit Ehefrau Elisabeth und Sohn Stefan<\/p><\/div>\n<p>Hilders. Das Hilderser Familienunternehmen Eckart Feuerschutz begeht in diesem Jahr sein 40-j\u00e4hriges Jubil\u00e4um. Als Ein-Mann-Betrieb hatte Anselm Eckart das Unternehmen 1973 ins Leben gerufen. Unterst\u00fctzt wurde er dabei von seiner Ehefrau Elisabeth. \u201eMein Mann hat ganz klein angefangen\u201c, erinnert sich die 80-J\u00e4hrige. \u201eEr hat bei der Deutschen Bahn sein Geld verdient und kam irgendwann mit der Idee, Feuerl\u00f6scher zu \u00fcberpr\u00fcfen, nach Hause.\u201c Diese Idee bildete den Grundstein der Firma, die ihr Gesch\u00e4ftsfeld im Laufe der Jahre um den technischen Brandschutz und den Feuerwehrfachhandel erweitert hat. Seit 1989 ist auch Sohn Stefan mit an Bord, der heute das Gesch\u00e4ft f\u00fchrt.<!--more--><\/p>\n<p>Die Firma, die sechs Mitarbeiterinnen und Mitarbeiter besch\u00e4ftigt, hat sich auf die Beratung und Erstellung von Feuerschutzkonzepten sowie auf die Montage von Feuerschutzanlagen und deren Wartung spezialisiert. Neben der Firmenzentrale in Hilders betreibt Eckart Feuerschutz auch eine Niederlassung im th\u00fcringischen Geisa.<\/p>\n<p>\u201eBrandschutz ist kein Ausbildungsberuf\u201c, erkl\u00e4rt Stefan Eckart, \u201edeshalb braucht man ein grunds\u00e4tzliches Interesse an dem Thema und die Bereitschaft, Neues hinzu zu lernen.\u201c Das Fachwissen und die Identifikation mit dem Thema, die Kontinuit\u00e4t in der Kundenbetreuung und die Nachhaltigkeit der Brandschutzl\u00f6sungen sind nach Ansicht des gelernten Technikers die Erfolgsfaktoren des Familienunternehmens.<\/p>\n<p>Das Herz des 79-j\u00e4hrigen Firmengr\u00fcnders schl\u00e4gt jedenfalls noch immer f\u00fcr die Feuerwehr und den Feuerschutz. Fast t\u00e4glich ist Anselm Eckart im Au\u00dfendienst unterwegs, ber\u00e4t Kunden und schaut nach dem Rechten. Stefan Eckart sieht sich unternehmerisch auf dem richtigen Weg: \u201eDas Thema Brandschutz wurde \u00fcber viele Jahre eher stiefm\u00fctterlich behandelt. Mittlerweile gibt aber es nicht nur zahlreiche Vorschriften, sondern auch ein gr\u00f6\u00dferes Bewusstsein f\u00fcr den Brandschutz \u2013 bei Firmen, Institutionen und Privatpersonen.\u201c<\/p>\n<p>Ob das runde Jubil\u00e4um gefeiert wird? \u201eDas ist kein Anlass, gro\u00df zu feiern. Wenn du 80 bist, ist 40 n\u00e4mlich gar nichts\u201c, meint die r\u00fcstige Seniorin.<\/p>\n<p>Mehr \u00fcber das Unternehmen findet man im Internet unter <a href=\"http:\/\/www.eckart-feuerschutz.de\">www.eckart-feuerschutz.de<\/a><\/p>\n","protected":false},"excerpt":{"rendered":"<div class=\"tmnf_excerpt\"><p>Hilders. Das Hilderser Familienunternehmen Eckart Feuerschutz begeht in diesem Jahr sein 40-j\u00e4hriges Jubil\u00e4um. Als Ein-Mann-Betrieb hatte Anselm Eckart das Unternehmen 1973 ins Leben gerufen. Unterst\u00fctzt wurde er dabei von seiner Ehefrau Elisabeth. \u201eMein Mann hat ganz klein angefangen\u201c, erinnert sich die 80-J\u00e4hrige. \u201eEr hat bei der Deutschen Bahn sein Geld verdient und kam irgendwann mit &hellip;<\/p>\n<\/div>","protected":false},"author":1,"featured_media":0,"comment_status":"closed","ping_status":"closed","sticky":false,"template":"","format":"standard","meta":{"footnotes":""},"categories":[1,29],"tags":[],"class_list":["post-117587","post","type-post","status-publish","format-standard","hentry","category-startseite","category-politik"],"_links":{"self":[{"href":"https:\/\/www.fuldaernachrichten.de\/index.php?rest_route=\/wp\/v2\/posts\/117587","targetHints":{"allow":["GET"]}}],"collection":[{"href":"https:\/\/www.fuldaernachrichten.de\/index.php?rest_route=\/wp\/v2\/posts"}],"about":[{"href":"https:\/\/www.fuldaernachrichten.de\/index.php?rest_route=\/wp\/v2\/types\/post"}],"author":[{"embeddable":true,"href":"https:\/\/www.fuldaernachrichten.de\/index.php?rest_route=\/wp\/v2\/users\/1"}],"replies":[{"embeddable":true,"href":"https:\/\/www.fuldaernachrichten.de\/index.php?rest_route=%2Fwp%2Fv2%2Fcomments&post=117587"}],"version-history":[{"count":1,"href":"https:\/\/www.fuldaernachrichten.de\/index.php?rest_route=\/wp\/v2\/posts\/117587\/revisions"}],"predecessor-version":[{"id":117589,"href":"https:\/\/www.fuldaernachrichten.de\/index.php?rest_route=\/wp\/v2\/posts\/117587\/revisions\/117589"}],"wp:attachment":[{"href":"https:\/\/www.fuldaernachrichten.de\/index.php?rest_route=%2Fwp%2Fv2%2Fmedia&parent=117587"}],"wp:term":[{"taxonomy":"category","embeddable":true,"href":"https:\/\/www.fuldaernachrichten.de\/index.php?rest_route=%2Fwp%2Fv2%2Fcategories&post=117587"},{"taxonomy":"post_tag","embeddable":true,"href":"https:\/\/www.fuldaernachrichten.de\/index.php?rest_route=%2Fwp%2Fv2%2Ftags&post=117587"}],"curies":[{"name":"wp","href":"https:\/\/api.w.org\/{rel}","templated":true}]}}