{"id":117559,"date":"2013-12-05T00:13:44","date_gmt":"2013-12-05T00:13:44","guid":{"rendered":"http:\/\/www.fuldaer-nachrichten.de\/?p=117559"},"modified":"2013-12-05T09:14:07","modified_gmt":"2013-12-05T09:14:07","slug":"leseabend-mit-jutta-sporer-im-gestalten-werk","status":"publish","type":"post","link":"https:\/\/www.fuldaernachrichten.de\/?p=117559","title":{"rendered":"Leseabend mit Jutta Sporer im Gestalten Werk"},"content":{"rendered":"<p>Fulda. Am Donnerstag, den 12.Dezember, findet im GestaltenWerk in Fulda (Severiberg 1) ein adventlicher Leseabend statt. Bei Kamin- und Kerzenschein liest Jutta Sporer Heiteres und Besinnliches zur Weihnachtszeit. Leckere H\u00e4ppchen aus der Antonius-K\u00fcche sorgen f\u00fcr das leibliche Wohl. Informationen unter Telefon (0661) 75826, oder per Mail gestaltenwerk@antoniusheim-fulda.de. Los geht\u00c2\u00b4s um 19.00Uhr, der Eintritt ist frei.<\/p>\n<p>&nbsp;<\/p>\n","protected":false},"excerpt":{"rendered":"<div class=\"tmnf_excerpt\"><p>Fulda. Am Donnerstag, den 12.Dezember, findet im GestaltenWerk in Fulda (Severiberg 1) ein adventlicher Leseabend statt. Bei Kamin- und Kerzenschein liest Jutta Sporer Heiteres und Besinnliches zur Weihnachtszeit. Leckere H\u00e4ppchen aus der Antonius-K\u00fcche sorgen f\u00fcr das leibliche Wohl. Informationen unter Telefon (0661) 75826, oder per Mail gestaltenwerk@antoniusheim-fulda.de. Los geht\u00c2\u00b4s um 19.00Uhr, der Eintritt ist frei. &hellip;<\/p>\n<\/div>","protected":false},"author":1,"featured_media":0,"comment_status":"closed","ping_status":"closed","sticky":false,"template":"","format":"standard","meta":{"footnotes":""},"categories":[1],"tags":[],"class_list":["post-117559","post","type-post","status-publish","format-standard","hentry","category-startseite"],"_links":{"self":[{"href":"https:\/\/www.fuldaernachrichten.de\/index.php?rest_route=\/wp\/v2\/posts\/117559","targetHints":{"allow":["GET"]}}],"collection":[{"href":"https:\/\/www.fuldaernachrichten.de\/index.php?rest_route=\/wp\/v2\/posts"}],"about":[{"href":"https:\/\/www.fuldaernachrichten.de\/index.php?rest_route=\/wp\/v2\/types\/post"}],"author":[{"embeddable":true,"href":"https:\/\/www.fuldaernachrichten.de\/index.php?rest_route=\/wp\/v2\/users\/1"}],"replies":[{"embeddable":true,"href":"https:\/\/www.fuldaernachrichten.de\/index.php?rest_route=%2Fwp%2Fv2%2Fcomments&post=117559"}],"version-history":[{"count":1,"href":"https:\/\/www.fuldaernachrichten.de\/index.php?rest_route=\/wp\/v2\/posts\/117559\/revisions"}],"predecessor-version":[{"id":117560,"href":"https:\/\/www.fuldaernachrichten.de\/index.php?rest_route=\/wp\/v2\/posts\/117559\/revisions\/117560"}],"wp:attachment":[{"href":"https:\/\/www.fuldaernachrichten.de\/index.php?rest_route=%2Fwp%2Fv2%2Fmedia&parent=117559"}],"wp:term":[{"taxonomy":"category","embeddable":true,"href":"https:\/\/www.fuldaernachrichten.de\/index.php?rest_route=%2Fwp%2Fv2%2Fcategories&post=117559"},{"taxonomy":"post_tag","embeddable":true,"href":"https:\/\/www.fuldaernachrichten.de\/index.php?rest_route=%2Fwp%2Fv2%2Ftags&post=117559"}],"curies":[{"name":"wp","href":"https:\/\/api.w.org\/{rel}","templated":true}]}}