{"id":117548,"date":"2013-12-05T00:17:41","date_gmt":"2013-12-05T00:17:41","guid":{"rendered":"http:\/\/www.fuldaer-nachrichten.de\/?p=117548"},"modified":"2013-12-05T09:05:25","modified_gmt":"2013-12-05T09:05:25","slug":"landkreis-fulda-investiert-430-000-euro-in-deckenbau","status":"publish","type":"post","link":"https:\/\/www.fuldaernachrichten.de\/?p=117548","title":{"rendered":"Landkreis Fulda investiert 430.000 Euro in Deckenbau"},"content":{"rendered":"<p>Fulda. Auf einer L\u00e4nge von rund einem Kilometer wurde die Fahrbahn der K 100 zwischen Ziegel und Bronnzell erneuert. Die Abwicklung der Bauma\u00dfnahme, deren Kosten sich f\u00fcr den Landkreis Fulda als Baulasttr\u00e4ger auf 430.000 Euro beliefen, erfolgte in zwei Bauabschnitten, um weiterhin die Zufahrt zum Sportplatz in Bronnzell zu erm\u00f6glichen. Am kommenden Freitag wird die K 100 wieder offiziell f\u00fcr den Verkehr freigegeben. Davon ausgenommen ist der Schwerverkehr, f\u00fcr den dieser Streckenabschnitt wegen der zu schmalen und nicht ausreichend tragf\u00e4higen Fuldabr\u00fccke gesperrt bleibt. Mit der Wiederinbetriebnahme tritt auch eine Ampelregelung f\u00fcr den Teilbereich zwischen dem Ortsausgang Ziegel und dem Ende des Waldgel\u00e4ndes in Kraft.<!--more--><\/p>\n<p>Auf Grund der ung\u00fcnstigen Sichtverh\u00e4ltnisse, der geringen Fahrbahnbreite und der starken Nutzung durch Radfahrer kamen die Stadt Fulda als Verkehrsbeh\u00f6rde, Polizei und Hessen Mobil \u00fcberein, eine Ampelanlage als \u201eVerkehrsversuch\u201c zu installieren. \u00c4hnlich einer Baustellenampel kann in diesem Bereich wechselweise nur eine Fahrtrichtung genutzt werden.<\/p>\n","protected":false},"excerpt":{"rendered":"<div class=\"tmnf_excerpt\"><p>Fulda. Auf einer L\u00e4nge von rund einem Kilometer wurde die Fahrbahn der K 100 zwischen Ziegel und Bronnzell erneuert. Die Abwicklung der Bauma\u00dfnahme, deren Kosten sich f\u00fcr den Landkreis Fulda als Baulasttr\u00e4ger auf 430.000 Euro beliefen, erfolgte in zwei Bauabschnitten, um weiterhin die Zufahrt zum Sportplatz in Bronnzell zu erm\u00f6glichen. Am kommenden Freitag wird die &hellip;<\/p>\n<\/div>","protected":false},"author":1,"featured_media":0,"comment_status":"closed","ping_status":"closed","sticky":false,"template":"","format":"standard","meta":{"footnotes":""},"categories":[1,35],"tags":[],"class_list":["post-117548","post","type-post","status-publish","format-standard","hentry","category-startseite","category-auto"],"_links":{"self":[{"href":"https:\/\/www.fuldaernachrichten.de\/index.php?rest_route=\/wp\/v2\/posts\/117548","targetHints":{"allow":["GET"]}}],"collection":[{"href":"https:\/\/www.fuldaernachrichten.de\/index.php?rest_route=\/wp\/v2\/posts"}],"about":[{"href":"https:\/\/www.fuldaernachrichten.de\/index.php?rest_route=\/wp\/v2\/types\/post"}],"author":[{"embeddable":true,"href":"https:\/\/www.fuldaernachrichten.de\/index.php?rest_route=\/wp\/v2\/users\/1"}],"replies":[{"embeddable":true,"href":"https:\/\/www.fuldaernachrichten.de\/index.php?rest_route=%2Fwp%2Fv2%2Fcomments&post=117548"}],"version-history":[{"count":1,"href":"https:\/\/www.fuldaernachrichten.de\/index.php?rest_route=\/wp\/v2\/posts\/117548\/revisions"}],"predecessor-version":[{"id":117549,"href":"https:\/\/www.fuldaernachrichten.de\/index.php?rest_route=\/wp\/v2\/posts\/117548\/revisions\/117549"}],"wp:attachment":[{"href":"https:\/\/www.fuldaernachrichten.de\/index.php?rest_route=%2Fwp%2Fv2%2Fmedia&parent=117548"}],"wp:term":[{"taxonomy":"category","embeddable":true,"href":"https:\/\/www.fuldaernachrichten.de\/index.php?rest_route=%2Fwp%2Fv2%2Fcategories&post=117548"},{"taxonomy":"post_tag","embeddable":true,"href":"https:\/\/www.fuldaernachrichten.de\/index.php?rest_route=%2Fwp%2Fv2%2Ftags&post=117548"}],"curies":[{"name":"wp","href":"https:\/\/api.w.org\/{rel}","templated":true}]}}