{"id":117546,"date":"2013-12-05T00:14:17","date_gmt":"2013-12-05T00:14:17","guid":{"rendered":"http:\/\/www.fuldaer-nachrichten.de\/?p=117546"},"modified":"2013-12-05T09:04:26","modified_gmt":"2013-12-05T09:04:26","slug":"neues-jahrbuch-des-landkreises-fulda-erschienen-regenerative-energien-als-zukunftsthema","status":"publish","type":"post","link":"https:\/\/www.fuldaernachrichten.de\/?p=117546","title":{"rendered":"Neues Jahrbuch des Landkreises Fulda erschienen &#8211; Regenerative Energien als Zukunftsthema"},"content":{"rendered":"<p>Fulda. Das neue Jahrbuch des Landkreises Fulda ist erschienen. Es steht unter dem Rahmenthema \u201eRegenerative Energien\u201c und ist ab Anfang Dezember zum Preis von 7,90 Euro im Buchhandel erh\u00e4ltlich. Laut Aussage von Landrat Bernd Woide z\u00e4hlt der Einsatz regenerativer Energien zu den Themen, bei denen sich die Zukunftsf\u00e4higkeit einer Region entscheide. Der Umstieg von der fossilen und atomaren auf eine Energieerzeugung aus erneuerbaren Quellen sei eine Jahr-hundertaufgabe, die eine m\u00f6glichst fr\u00fchzeitige und umfassende Einbindung der B\u00fcrger vor Ort erfordere. Auch der Landkreis Fulda wolle im Rahmen seiner M\u00f6glichkeiten einen Beitrag zur Energiewende leisten, wobei es bei einem regenativen Anteil von zurzeit 12,8 Prozent sicherlich noch Nachholbedarf gebe. Daneben gehe es darum, in der \u00d6ffentlichkeit immer wieder das Bewusstsein f\u00fcr einen sparsamen und effizienten Energieverbrauch zu sch\u00e4rfen.<\/p>\n","protected":false},"excerpt":{"rendered":"<div class=\"tmnf_excerpt\"><p>Fulda. Das neue Jahrbuch des Landkreises Fulda ist erschienen. Es steht unter dem Rahmenthema \u201eRegenerative Energien\u201c und ist ab Anfang Dezember zum Preis von 7,90 Euro im Buchhandel erh\u00e4ltlich. Laut Aussage von Landrat Bernd Woide z\u00e4hlt der Einsatz regenerativer Energien zu den Themen, bei denen sich die Zukunftsf\u00e4higkeit einer Region entscheide. Der Umstieg von der &hellip;<\/p>\n<\/div>","protected":false},"author":1,"featured_media":0,"comment_status":"closed","ping_status":"closed","sticky":false,"template":"","format":"standard","meta":{"footnotes":""},"categories":[1,29],"tags":[],"class_list":["post-117546","post","type-post","status-publish","format-standard","hentry","category-startseite","category-politik"],"_links":{"self":[{"href":"https:\/\/www.fuldaernachrichten.de\/index.php?rest_route=\/wp\/v2\/posts\/117546","targetHints":{"allow":["GET"]}}],"collection":[{"href":"https:\/\/www.fuldaernachrichten.de\/index.php?rest_route=\/wp\/v2\/posts"}],"about":[{"href":"https:\/\/www.fuldaernachrichten.de\/index.php?rest_route=\/wp\/v2\/types\/post"}],"author":[{"embeddable":true,"href":"https:\/\/www.fuldaernachrichten.de\/index.php?rest_route=\/wp\/v2\/users\/1"}],"replies":[{"embeddable":true,"href":"https:\/\/www.fuldaernachrichten.de\/index.php?rest_route=%2Fwp%2Fv2%2Fcomments&post=117546"}],"version-history":[{"count":1,"href":"https:\/\/www.fuldaernachrichten.de\/index.php?rest_route=\/wp\/v2\/posts\/117546\/revisions"}],"predecessor-version":[{"id":117547,"href":"https:\/\/www.fuldaernachrichten.de\/index.php?rest_route=\/wp\/v2\/posts\/117546\/revisions\/117547"}],"wp:attachment":[{"href":"https:\/\/www.fuldaernachrichten.de\/index.php?rest_route=%2Fwp%2Fv2%2Fmedia&parent=117546"}],"wp:term":[{"taxonomy":"category","embeddable":true,"href":"https:\/\/www.fuldaernachrichten.de\/index.php?rest_route=%2Fwp%2Fv2%2Fcategories&post=117546"},{"taxonomy":"post_tag","embeddable":true,"href":"https:\/\/www.fuldaernachrichten.de\/index.php?rest_route=%2Fwp%2Fv2%2Ftags&post=117546"}],"curies":[{"name":"wp","href":"https:\/\/api.w.org\/{rel}","templated":true}]}}