{"id":117537,"date":"2013-12-01T18:28:47","date_gmt":"2013-12-01T18:28:47","guid":{"rendered":"http:\/\/www.fuldaer-nachrichten.de\/?p=117537"},"modified":"2013-12-04T18:36:06","modified_gmt":"2013-12-04T18:36:06","slug":"mitarbeiterin-fuer-elektrotechnik-unternehmen-eckart-feuerschutz-gesucht","status":"publish","type":"post","link":"https:\/\/www.fuldaernachrichten.de\/?p=117537","title":{"rendered":"Mitarbeiter\/in f\u00fcr Elektrotechnik-Unternehmen Eckart-Feuerschutz gesucht"},"content":{"rendered":"<p><strong>Eckart-Feuerschutz ist seit 40 Jahren ein zukunftsorientiertes Unternehmen welches alle Kundengruppen in den Bereichen Planung, Service und Montage brandschutztechnisch betreut.<\/strong><\/p>\n<p>Zur Verst\u00e4rkung unseres Teams suchen wir eine\/n<\/p>\n<h3><strong>Mitarbeiter\/in <\/strong><strong>Elektrotechnik<\/strong><\/h3>\n<p>m\u00f6glichst ab dem 01.02.2014 in Vollzeit.<\/p>\n<p><strong>Schwerpunkte Brandschutztechnik:<\/strong><\/p>\n<ul>\n<li>Elektroarbeiten im Au\u00dfendienst<\/li>\n<li>Reparatur- und Installationsarbeiten von brandschutztechnischen Anlagen und Ger\u00e4ten<\/li>\n<\/ul>\n<p><strong>Anforderungen:<\/strong><\/p>\n<ul>\n<li>Abgeschlossene handwerkliche Berufsausbildung (Fachrichtung Elektrotechnik)<\/li>\n<li>Selbstst\u00e4ndiges, wirtschaftliches und verantwortungsbewusstes Arbeiten<\/li>\n<li>G\u00fcltige Fahrerlaubnis Klassen B \/ BE<\/li>\n<\/ul>\n<p><strong>Wir bieten:<\/strong><\/p>\n<ul>\n<li>Ein vielseitiges und interessantes Aufgabengebiet<\/li>\n<li>Angemessene Vergu\u00cc\u02c6tung<\/li>\n<li>Unterstu\u00cc\u02c6tzung durch ein erfahrenes Team aus Fachkr\u00e4ften<\/li>\n<li>M\u00f6glichkeit eines Firmenfahrzeuges<\/li>\n<\/ul>\n<p>Ihre aussagekr\u00e4ftigen Bewerbungsunterlagen richten Sie bitte per E-Mail bis zum 20.01.2013 an Eckart-Feuerschutz, Personalbu\u00cc\u02c6ro, Sandgasse 16, 36115 Hilders unter personalbuero@eckart-feuerschutz.de .<\/p>\n","protected":false},"excerpt":{"rendered":"<div class=\"tmnf_excerpt\"><p>Eckart-Feuerschutz ist seit 40 Jahren ein zukunftsorientiertes Unternehmen welches alle Kundengruppen in den Bereichen Planung, Service und Montage brandschutztechnisch betreut. Zur Verst\u00e4rkung unseres Teams suchen wir eine\/n Mitarbeiter\/in Elektrotechnik m\u00f6glichst ab dem 01.02.2014 in Vollzeit. Schwerpunkte Brandschutztechnik: Elektroarbeiten im Au\u00dfendienst Reparatur- und Installationsarbeiten von brandschutztechnischen Anlagen und Ger\u00e4ten Anforderungen: Abgeschlossene handwerkliche Berufsausbildung (Fachrichtung Elektrotechnik) Selbstst\u00e4ndiges, &hellip;<\/p>\n<\/div>","protected":false},"author":1,"featured_media":0,"comment_status":"closed","ping_status":"closed","sticky":false,"template":"","format":"standard","meta":{"footnotes":""},"categories":[1],"tags":[],"class_list":["post-117537","post","type-post","status-publish","format-standard","hentry","category-startseite"],"_links":{"self":[{"href":"https:\/\/www.fuldaernachrichten.de\/index.php?rest_route=\/wp\/v2\/posts\/117537","targetHints":{"allow":["GET"]}}],"collection":[{"href":"https:\/\/www.fuldaernachrichten.de\/index.php?rest_route=\/wp\/v2\/posts"}],"about":[{"href":"https:\/\/www.fuldaernachrichten.de\/index.php?rest_route=\/wp\/v2\/types\/post"}],"author":[{"embeddable":true,"href":"https:\/\/www.fuldaernachrichten.de\/index.php?rest_route=\/wp\/v2\/users\/1"}],"replies":[{"embeddable":true,"href":"https:\/\/www.fuldaernachrichten.de\/index.php?rest_route=%2Fwp%2Fv2%2Fcomments&post=117537"}],"version-history":[{"count":7,"href":"https:\/\/www.fuldaernachrichten.de\/index.php?rest_route=\/wp\/v2\/posts\/117537\/revisions"}],"predecessor-version":[{"id":117545,"href":"https:\/\/www.fuldaernachrichten.de\/index.php?rest_route=\/wp\/v2\/posts\/117537\/revisions\/117545"}],"wp:attachment":[{"href":"https:\/\/www.fuldaernachrichten.de\/index.php?rest_route=%2Fwp%2Fv2%2Fmedia&parent=117537"}],"wp:term":[{"taxonomy":"category","embeddable":true,"href":"https:\/\/www.fuldaernachrichten.de\/index.php?rest_route=%2Fwp%2Fv2%2Fcategories&post=117537"},{"taxonomy":"post_tag","embeddable":true,"href":"https:\/\/www.fuldaernachrichten.de\/index.php?rest_route=%2Fwp%2Fv2%2Ftags&post=117537"}],"curies":[{"name":"wp","href":"https:\/\/api.w.org\/{rel}","templated":true}]}}