{"id":117532,"date":"2013-12-05T00:17:15","date_gmt":"2013-12-05T00:17:15","guid":{"rendered":"http:\/\/www.fuldaer-nachrichten.de\/?p=117532"},"modified":"2013-12-04T14:48:44","modified_gmt":"2013-12-04T14:48:44","slug":"alexander-wuttke-ist-neuer-kreissprecher-der-wirtschaftsjunioren-fulda","status":"publish","type":"post","link":"https:\/\/www.fuldaernachrichten.de\/?p=117532","title":{"rendered":"Alexander Wuttke ist neuer Kreissprecher der Wirtschaftsjunioren Fulda"},"content":{"rendered":"<p><a href=\"http:\/\/www.fuldaer-nachrichten.de\/wp-content\/uploads\/2013\/12\/10-2013-Vorstand-gew\u00e4hlt-VS.jpg\"><img fetchpriority=\"high\" decoding=\"async\" class=\"alignleft size-thumbnail wp-image-117533\" alt=\"10-2013 Vorstand gew\u00e4hlt VS\" src=\"http:\/\/www.fuldaer-nachrichten.de\/wp-content\/uploads\/2013\/12\/10-2013-Vorstand-gew\u00e4hlt-VS-265x198.jpg\" width=\"265\" height=\"198\" \/><\/a>Fulda. Alexander Wuttke wird neuer Kreissprecher der Wirtschaftsjunioren (WJ) Fulda. Nach dem Motto \u201eOne year to lead\u201c, wurde der Inhaber des Architekturb\u00fcros Wuttke Weber Architekten in Fulda am 3. Dezember auf der Jahreshauptversammlung der jungen F\u00fchrungskr\u00e4fte im ITZ Fulda f\u00fcr das Jahr 2014 gew\u00e4hlt. Der 35-J\u00e4hrige<b> <\/b>l\u00f6st am 1. Januar 2014 Michael Engels ab. Der Gesch\u00e4ftsf\u00fchrer der Firma Desoi GmbH in Kalbach wird im n\u00e4chsten Jahr turnusgem\u00e4\u00df Past President im Vorstand der Wirtschaftsjunioren.<!--more--><\/p>\n<p>Alexander Wuttke (im Foto ganz links) ist seit 2009 Mitglied des Vereins und engagiert sich seit 2010 im Vorstand der WJ Fulda. Er wird dar\u00fcber hinaus unterst\u00fctzt von den Vorstandsmitgliedern (v. li.) Thomas Berger (Institut f\u00fcr interdisziplin\u00e4re Forschung inter.research e. V., Fulda), Christoph Jahn (UniCredit Bank AG, Fulda), Stephan Edeling (SSI Sch\u00e4fer GmbH, Fulda) als Vertreter der F\u00f6rdermitglieder, Johannes Hohmann (Herm. Hohmann GmbH Baudekoration, Fulda), Schatzmeister Michael Weil (Rechtsanwalt, Fulda), Thorsten Vogt (Der Wohnvogt, H\u00fcnfeld) und Michael Engels (Desoi GmbH, Kalbach).<\/p>\n<p>Michael Engels f\u00fchrte souver\u00e4n durch die Jahreshauptversammlung und dankte seinem Vorstandsteam, den WJ-Mitgliedern und F\u00f6rdermitgliedern*, der IHK Fulda, sowie den vielen Sponsoren. Ohne ihr gro\u00dfes Engagement w\u00e4ren Veranstaltungen wie beispielsweise den Ball der Wirtschaft am 27. Mai 2014 nicht m\u00f6glich.<\/p>\n<p>Der 38-J\u00e4hrige lie\u00df dar\u00fcber hinaus die vielf\u00e4ltigen Aktivit\u00e4ten Revue passieren. Die Wirtschaftsjunioren bieten ein breites Programm &#8211; von Betriebsbesichtigungen \u00fcber Themenstammtische bis hin zu vielf\u00e4ltigen kulturellen Angeboten und Charity-Aktionen. Einen hohen Bekanntheitsgrad haben der Ball der Wirtschaft, Projekte wie \u201eSch\u00fcler als Bosse\u201c oder die j\u00e4hrliche Bev\u00f6lkerungsbefragung.<\/p>\n<p>\u201eWir werden das bew\u00e4hrte Programm weiterf\u00fchren\u201c, versprach Alexander Wuttke. \u201eRegionales Highlight im Jahr 2014 ist ohne Frage der Ball der Wirtschaft\u201c,\u00c2\u00a0 so der neue Kreissprecher. \u201eDie Wirtschaftsjunioren bieten eine ideale Plattform, um sich zwanglos mit Gleichgesinnten auszutauschen, Kontakte zu kn\u00fcpfen und den Horizont zu erweitern. Dabei h\u00e4lt unser \u00fcberregionales Netzwerk auch auf Landes- und Bundesebene eine F\u00fclle von Angeboten bereit\u201c, betont der Architekt.<\/p>\n<p>Zwei \u00fcberregionale Highlights im Jahr 2014 sind \u201edie Landeskonferenz der hessischen Wirtschaftsjunioren in Offenbach vom 16. bis zum 18. Mai und der Weltkongress der Dachorganisation JCI in Leipzig vom 24. Bis 29. November.<\/p>\n<p>Eine gute Gelegenheit, die jungen F\u00fchrungskr\u00e4fte zwanglos kennenzulernen, bietet der monatliche Themenstammtisch im Hotel Ritter. Der neue Vorstand stellt sich hier am 21. Januar um 19:30 Uhr vor. Interessenten sind herzlich einladen. Alle Infos unter www.wj-fulda.de.<\/p>\n<p>2011 gr\u00fcndete der geb\u00fcrtige Fuldaer Alexander Wuttke zusammen mit seinem Partner Arnd Weber das Architekturb\u00fcro Wuttke Weber Architekten in seiner Heimatstadt. Wuttke kehrte 2002 nach dem Studium der Architektur in Oldenburg nach Fulda zur\u00fcck und war hier in den Planungsb\u00fcros Reith + Wehner, Kind und Rausch und Staubach + Partner t\u00e4tig.<\/p>\n<p>Das Spektrum von Wuttke Weber Architekten umfasst Neu- und Umbauten von gewerblichen, privaten und \u00f6ffentlichen Geb\u00e4uden. T\u00e4tig ist das Unternehmen haupts\u00e4chlich in der Region Fulda, einzeln aber auch im Rhein-Maingebiet und in Baden-W\u00fcrttemberg. Der 35-J\u00e4hrige Diplom-Ingenieur ist verheiratet und hat eine kleine Tochter.<\/p>\n<p>&nbsp;<\/p>\n","protected":false},"excerpt":{"rendered":"<div class=\"tmnf_excerpt\"><p>Fulda. Alexander Wuttke wird neuer Kreissprecher der Wirtschaftsjunioren (WJ) Fulda. Nach dem Motto \u201eOne year to lead\u201c, wurde der Inhaber des Architekturb\u00fcros Wuttke Weber Architekten in Fulda am 3. Dezember auf der Jahreshauptversammlung der jungen F\u00fchrungskr\u00e4fte im ITZ Fulda f\u00fcr das Jahr 2014 gew\u00e4hlt. Der 35-J\u00e4hrige l\u00f6st am 1. Januar 2014 Michael Engels ab. Der &hellip;<\/p>\n<\/div>","protected":false},"author":1,"featured_media":0,"comment_status":"closed","ping_status":"closed","sticky":false,"template":"","format":"standard","meta":{"footnotes":""},"categories":[1,29],"tags":[],"class_list":["post-117532","post","type-post","status-publish","format-standard","hentry","category-startseite","category-politik"],"_links":{"self":[{"href":"https:\/\/www.fuldaernachrichten.de\/index.php?rest_route=\/wp\/v2\/posts\/117532","targetHints":{"allow":["GET"]}}],"collection":[{"href":"https:\/\/www.fuldaernachrichten.de\/index.php?rest_route=\/wp\/v2\/posts"}],"about":[{"href":"https:\/\/www.fuldaernachrichten.de\/index.php?rest_route=\/wp\/v2\/types\/post"}],"author":[{"embeddable":true,"href":"https:\/\/www.fuldaernachrichten.de\/index.php?rest_route=\/wp\/v2\/users\/1"}],"replies":[{"embeddable":true,"href":"https:\/\/www.fuldaernachrichten.de\/index.php?rest_route=%2Fwp%2Fv2%2Fcomments&post=117532"}],"version-history":[{"count":1,"href":"https:\/\/www.fuldaernachrichten.de\/index.php?rest_route=\/wp\/v2\/posts\/117532\/revisions"}],"predecessor-version":[{"id":117534,"href":"https:\/\/www.fuldaernachrichten.de\/index.php?rest_route=\/wp\/v2\/posts\/117532\/revisions\/117534"}],"wp:attachment":[{"href":"https:\/\/www.fuldaernachrichten.de\/index.php?rest_route=%2Fwp%2Fv2%2Fmedia&parent=117532"}],"wp:term":[{"taxonomy":"category","embeddable":true,"href":"https:\/\/www.fuldaernachrichten.de\/index.php?rest_route=%2Fwp%2Fv2%2Fcategories&post=117532"},{"taxonomy":"post_tag","embeddable":true,"href":"https:\/\/www.fuldaernachrichten.de\/index.php?rest_route=%2Fwp%2Fv2%2Ftags&post=117532"}],"curies":[{"name":"wp","href":"https:\/\/api.w.org\/{rel}","templated":true}]}}