{"id":117529,"date":"2013-12-05T00:14:14","date_gmt":"2013-12-05T00:14:14","guid":{"rendered":"http:\/\/www.fuldaer-nachrichten.de\/?p=117529"},"modified":"2013-12-04T14:45:54","modified_gmt":"2013-12-04T14:45:54","slug":"statt-weihnachtsgeschenke-frisurenstudio-reiter-unterstuetzt-die-st-antonius-stiftung","status":"publish","type":"post","link":"https:\/\/www.fuldaernachrichten.de\/?p=117529","title":{"rendered":"Statt Weihnachtsgeschenke: Frisurenstudio Reiter unterst\u00fctzt die St. Antonius-Stiftung"},"content":{"rendered":"<p><a href=\"http:\/\/www.fuldaer-nachrichten.de\/wp-content\/uploads\/2013\/12\/Bild-1.jpg\"><img decoding=\"async\" class=\"alignleft size-thumbnail wp-image-117530\" alt=\"Bild 1\" src=\"http:\/\/www.fuldaer-nachrichten.de\/wp-content\/uploads\/2013\/12\/Bild-1-265x176.jpg\" width=\"265\" height=\"176\" srcset=\"https:\/\/www.fuldaernachrichten.de\/wp-content\/uploads\/2013\/12\/Bild-1-265x176.jpg 265w, https:\/\/www.fuldaernachrichten.de\/wp-content\/uploads\/2013\/12\/Bild-1.jpg 600w\" sizes=\"(max-width: 265px) 100vw, 265px\" \/><\/a>Fulda. In diesem Jahr hat sich der Inhaber des Frisurenstudios Reiter, Wolfgang Reiter, etwas Besonderes zur Weihnachtszeit \u00fcberlegt. Anstatt der sonst \u00fcblichen kleinen Kundengeschenken, spendet der Friseurmeister 2.500 Euro an die St. Antonius-Stiftung. \u201eWir wollten in diesem Jahr Menschen unterst\u00fctzen, die sich f\u00fcr das Wohl anderer einsetzen. Die St. Antonius-Stiftung, die mit ihren Projekten regional und \u00fcberregional\u00c2\u00a0 Impulse f\u00fcr bessere Start- und Lebensbedingungen f\u00fcr Menschen mit Behinderungen geben, empfanden wir als richtige Partnerin.\u201c Gertraud Sorg und Gabriele Mosler, Mitglieder der St. Antonius-Stiftung, freuten sich \u00fcber diese Zuwendung. \u201eWir danken Ihnen f\u00fcr Ihre Unterst\u00fctzung. Die Spende wird direkt f\u00fcr die vorschulische Entwicklung von Kidnern eingesetzt.\u201c<\/p>\n<p>&nbsp;<\/p>\n","protected":false},"excerpt":{"rendered":"<div class=\"tmnf_excerpt\"><p>Fulda. In diesem Jahr hat sich der Inhaber des Frisurenstudios Reiter, Wolfgang Reiter, etwas Besonderes zur Weihnachtszeit \u00fcberlegt. Anstatt der sonst \u00fcblichen kleinen Kundengeschenken, spendet der Friseurmeister 2.500 Euro an die St. Antonius-Stiftung. \u201eWir wollten in diesem Jahr Menschen unterst\u00fctzen, die sich f\u00fcr das Wohl anderer einsetzen. Die St. Antonius-Stiftung, die mit ihren Projekten regional &hellip;<\/p>\n<\/div>","protected":false},"author":1,"featured_media":0,"comment_status":"closed","ping_status":"closed","sticky":false,"template":"","format":"standard","meta":{"footnotes":""},"categories":[1,29],"tags":[],"class_list":["post-117529","post","type-post","status-publish","format-standard","hentry","category-startseite","category-politik"],"_links":{"self":[{"href":"https:\/\/www.fuldaernachrichten.de\/index.php?rest_route=\/wp\/v2\/posts\/117529","targetHints":{"allow":["GET"]}}],"collection":[{"href":"https:\/\/www.fuldaernachrichten.de\/index.php?rest_route=\/wp\/v2\/posts"}],"about":[{"href":"https:\/\/www.fuldaernachrichten.de\/index.php?rest_route=\/wp\/v2\/types\/post"}],"author":[{"embeddable":true,"href":"https:\/\/www.fuldaernachrichten.de\/index.php?rest_route=\/wp\/v2\/users\/1"}],"replies":[{"embeddable":true,"href":"https:\/\/www.fuldaernachrichten.de\/index.php?rest_route=%2Fwp%2Fv2%2Fcomments&post=117529"}],"version-history":[{"count":1,"href":"https:\/\/www.fuldaernachrichten.de\/index.php?rest_route=\/wp\/v2\/posts\/117529\/revisions"}],"predecessor-version":[{"id":117531,"href":"https:\/\/www.fuldaernachrichten.de\/index.php?rest_route=\/wp\/v2\/posts\/117529\/revisions\/117531"}],"wp:attachment":[{"href":"https:\/\/www.fuldaernachrichten.de\/index.php?rest_route=%2Fwp%2Fv2%2Fmedia&parent=117529"}],"wp:term":[{"taxonomy":"category","embeddable":true,"href":"https:\/\/www.fuldaernachrichten.de\/index.php?rest_route=%2Fwp%2Fv2%2Fcategories&post=117529"},{"taxonomy":"post_tag","embeddable":true,"href":"https:\/\/www.fuldaernachrichten.de\/index.php?rest_route=%2Fwp%2Fv2%2Ftags&post=117529"}],"curies":[{"name":"wp","href":"https:\/\/api.w.org\/{rel}","templated":true}]}}